{"id":48749,"date":"2014-11-15T16:00:03","date_gmt":"2014-11-15T19:00:03","guid":{"rendered":"http:\/\/www.locoxelrojo.com\/independiente\/?p=48749"},"modified":"2015-10-16T18:44:25","modified_gmt":"2015-10-16T21:44:25","slug":"concentrados-vs-lanus-vuelven-pisano-y-pizzini","status":"publish","type":"post","link":"https:\/\/www.locoxelrojo.com\/independiente\/2014\/11\/15\/concentrados-vs-lanus-vuelven-pisano-y-pizzini\/","title":{"rendered":"Concentrados vs. Lan\u00fas: vuelven Pisano y Pizzini"},"content":{"rendered":"<p>Jorge Almir\u00f3n dio a conocer la lista de concentrados para el partido ante Lan\u00fas, con\u00a0<strong>tres cambios respecto de\u00a0los convocados frente a Arsenal. <\/strong>En tanto,<strong> si bien Federico Mancuello fue incluido tras su dura lesi\u00f3n, su presencia en lunes todav\u00eda est\u00e1 en duda.<\/strong><\/p>\n<p>En defensa, <strong>Sergio Escudero le dej\u00f3 su lugar a Rafael Barrios<\/strong>, mientras que <strong>Rodrigo G\u00f3mez volvi\u00f3 a quedar afuera -como en gran parte del campeonato- para que entre Mat\u00edas Pisano<\/strong>, quien se hab\u00eda bajado de la lista a \u00faltimo momento en el encuentro pasado.<\/p>\n<p>Finalmente, <strong>Francisco Pizzini, ya recuperado de su\u00a0desgarro, regresa a la n\u00f3mina en reemplazo de Patricio Vidal<\/strong>,\u00a0quien no tiene el transfer internacional para jugar en Independiente y se perder\u00e1\u00a0todo el torneo.<\/p>\n<p><span style=\"text-decoration: underline;\"><strong>Lista<\/strong><\/span><\/p>\n<p><strong>Arqueros:\u00a0<\/strong>Diego Rodr\u00edguez y Germ\u00e1n Montoya.<\/p>\n<p><b>Defensores:<\/b> Emanuel Aguilera,\u00a0Nicol\u00e1s Figal,\u00a0Rafael Barrios,\u00a0V\u00edctor Cuesta,\u00a0Lucas Villalba,\u00a0Sergio Ojeda,\u00a0Alexis Z\u00e1rate.<\/p>\n<p><b>Volantes:<\/b> Marcelo Vidal,\u00a0Franco Bellocq,\u00a0Jes\u00fas M\u00e9ndez,\u00a0Mat\u00edas Pisano,\u00a0Daniel Montenegro\u00a0y\u00a0Federico Mancuello.<\/p>\n<p><strong>Delanteros:<\/strong>\u00a0Sebasti\u00e1n Penco,\u00a0Claudio Ria\u00f1o,\u00a0Mart\u00edn Ben\u00edtez,\u00a0Juan Mart\u00edn Lucero\u00a0y\u00a0Francisco Pizzini.<\/p>\n","protected":false},"excerpt":{"rendered":"<p>Jorge Almir\u00f3n dio a conocer la lista de concentrados para el partido ante Lan\u00fas, con\u00a0tres cambios respecto de\u00a0los convocados frente a Arsenal. En tanto, si bien Federico Mancuello fue incluido tras su dura lesi\u00f3n, su presencia en lunes todav\u00eda est\u00e1 en duda. En defensa, Sergio Escudero le dej\u00f3 su lugar a Rafael Barrios, mientras que [&hellip;]<\/p>\n","protected":false},"author":8,"featured_media":48752,"comment_status":"open","ping_status":"closed","sticky":false,"template":"","format":"standard","meta":{"_links_to":"","_links_to_target":""},"categories":[3,1],"tags":[153,3023,2751],"_links":{"self":[{"href":"https:\/\/www.locoxelrojo.com\/independiente\/wp-json\/wp\/v2\/posts\/48749"}],"collection":[{"href":"https:\/\/www.locoxelrojo.com\/independiente\/wp-json\/wp\/v2\/posts"}],"about":[{"href":"https:\/\/www.locoxelrojo.com\/independiente\/wp-json\/wp\/v2\/types\/post"}],"author":[{"embeddable":true,"href":"https:\/\/www.locoxelrojo.com\/independiente\/wp-json\/wp\/v2\/users\/8"}],"replies":[{"embeddable":true,"href":"https:\/\/www.locoxelrojo.com\/independiente\/wp-json\/wp\/v2\/comments?post=48749"}],"version-history":[{"count":0,"href":"https:\/\/www.locoxelrojo.com\/independiente\/wp-json\/wp\/v2\/posts\/48749\/revisions"}],"wp:featuredmedia":[{"embeddable":true,"href":"https:\/\/www.locoxelrojo.com\/independiente\/wp-json\/wp\/v2\/media\/48752"}],"wp:attachment":[{"href":"https:\/\/www.locoxelrojo.com\/independiente\/wp-json\/wp\/v2\/media?parent=48749"}],"wp:term":[{"taxonomy":"category","embeddable":true,"href":"https:\/\/www.locoxelrojo.com\/independiente\/wp-json\/wp\/v2\/categories?post=48749"},{"taxonomy":"post_tag","embeddable":true,"href":"https:\/\/www.locoxelrojo.com\/independiente\/wp-json\/wp\/v2\/tags?post=48749"}],"curies":[{"name":"wp","href":"https:\/\/api.w.org\/{rel}","templated":true}]}}