{"id":48754,"date":"2014-11-15T15:30:41","date_gmt":"2014-11-15T18:30:41","guid":{"rendered":"http:\/\/www.locoxelrojo.com\/independiente\/?p=48754"},"modified":"2014-11-15T21:33:11","modified_gmt":"2014-11-16T00:33:11","slug":"tactico-con-mancuello-y-dos-recuperados","status":"publish","type":"post","link":"https:\/\/www.locoxelrojo.com\/independiente\/2014\/11\/15\/tactico-con-mancuello-y-dos-recuperados\/","title":{"rendered":"T\u00e1ctico con Mancuello y dos recuperados"},"content":{"rendered":"<p>El plantel de Independiente se entren\u00f3 en el predio de Villa Dom\u00ednico con la mente puesta en el partido del lunes ante Lan\u00fas. <strong>Federico Mancuello volvi\u00f3 a participar de la pr\u00e1ctica despu\u00e9s de su dur\u00edsima lesi\u00f3n ante Arsenal<\/strong>.<\/p>\n<p>Jorge Almir\u00f3n organiz\u00f3 una jornada\u00a0con <strong>ejercicios t\u00e1cticos con pelota, f\u00fatbol en espacio reducido y trabajos de definici\u00f3n<\/strong>. \u00a0En el final del entrenamiento, habl\u00f3 unos minutos con Mancuello, quien realiz\u00f3 ejercicios livianos y fue evaluado para luego ser incluido en la lista de concentrados.<\/p>\n<p>Por su parte, <strong>Francisco Pizizni y Mat\u00edas Pisano dejaron atr\u00e1s sus lesiones<\/strong> (desgarro y contractura, respectivamente) y se movieron a la par de sus compa\u00f1eros. <strong>Los dos est\u00e1n en condiciones de jugar el lunes frente a Lan\u00fas<\/strong>.<\/p>\n","protected":false},"excerpt":{"rendered":"<p>El plantel de Independiente se entren\u00f3 en el predio de Villa Dom\u00ednico con la mente puesta en el partido del lunes ante Lan\u00fas. Federico Mancuello volvi\u00f3 a participar de la pr\u00e1ctica despu\u00e9s de su dur\u00edsima lesi\u00f3n ante Arsenal. Jorge Almir\u00f3n organiz\u00f3 una jornada\u00a0con ejercicios t\u00e1cticos con pelota, f\u00fatbol en espacio reducido y trabajos de definici\u00f3n. [&hellip;]<\/p>\n","protected":false},"author":8,"featured_media":48756,"comment_status":"open","ping_status":"closed","sticky":false,"template":"","format":"standard","meta":{"_links_to":"","_links_to_target":""},"categories":[3,1],"tags":[26,48,834,2724,2243,172],"_links":{"self":[{"href":"https:\/\/www.locoxelrojo.com\/independiente\/wp-json\/wp\/v2\/posts\/48754"}],"collection":[{"href":"https:\/\/www.locoxelrojo.com\/independiente\/wp-json\/wp\/v2\/posts"}],"about":[{"href":"https:\/\/www.locoxelrojo.com\/independiente\/wp-json\/wp\/v2\/types\/post"}],"author":[{"embeddable":true,"href":"https:\/\/www.locoxelrojo.com\/independiente\/wp-json\/wp\/v2\/users\/8"}],"replies":[{"embeddable":true,"href":"https:\/\/www.locoxelrojo.com\/independiente\/wp-json\/wp\/v2\/comments?post=48754"}],"version-history":[{"count":0,"href":"https:\/\/www.locoxelrojo.com\/independiente\/wp-json\/wp\/v2\/posts\/48754\/revisions"}],"wp:featuredmedia":[{"embeddable":true,"href":"https:\/\/www.locoxelrojo.com\/independiente\/wp-json\/wp\/v2\/media\/48756"}],"wp:attachment":[{"href":"https:\/\/www.locoxelrojo.com\/independiente\/wp-json\/wp\/v2\/media?parent=48754"}],"wp:term":[{"taxonomy":"category","embeddable":true,"href":"https:\/\/www.locoxelrojo.com\/independiente\/wp-json\/wp\/v2\/categories?post=48754"},{"taxonomy":"post_tag","embeddable":true,"href":"https:\/\/www.locoxelrojo.com\/independiente\/wp-json\/wp\/v2\/tags?post=48754"}],"curies":[{"name":"wp","href":"https:\/\/api.w.org\/{rel}","templated":true}]}}