{"id":48831,"date":"2014-11-17T21:00:53","date_gmt":"2014-11-18T00:00:53","guid":{"rendered":"http:\/\/www.locoxelrojo.com\/independiente\/?p=48831"},"modified":"2014-11-30T03:56:01","modified_gmt":"2014-11-30T06:56:01","slug":"la-reserva-no-pudo-con-lanus","status":"publish","type":"post","link":"https:\/\/www.locoxelrojo.com\/independiente\/2014\/11\/17\/la-reserva-no-pudo-con-lanus\/","title":{"rendered":"La Reserva no pudo con Lan\u00fas"},"content":{"rendered":"<p><strong>La Reserva de Independiente no pudo con Lan\u00fas<\/strong>. En el partido preliminar, el equipo de Gabriel Milito <strong>perdi\u00f3 2-1 en el Libertadores de Am\u00e9rica<\/strong> y cort\u00f3 una racha de dos triunfos consecutivos.<\/p>\n<p>El Mariscal puso en cancha a <strong>Germ\u00e1n Montoya; Fabricio Bustos, Rodrigo Moreira, Facundo Onraita, Juan Manuel Trejo; Fabi\u00e1n Monserrat, Juli\u00e1n Vitale, Guillermo Pereira; Mat\u00edas Jaime, Leonel Miranda y Eloy Rodr\u00edguez<\/strong>. M\u00e1s tarde ingresaron Ezequiel Denis, Mauro Gamarra y Sa\u00fal Nelle por Jaime, Pereira y Bustos, respectivamente.<\/p>\n<p>Lan\u00fas se puso en ventaja a los 25\u2019 del primer tiempo a trav\u00e9s de un cabezazo de Mat\u00edas Arias, pero <strong>el Rojo encontr\u00f3 el empate siete minutos m\u00e1s tarde gracias a Eloy Rodr\u00edguez<\/strong>. Ya en el complemento, Maximiliano C\u00e1ceres cerr\u00f3 el triunfo del Granate a los 25\u2019. <strong>En Independiente, Moreira vio la roja en esta segunda mitad<\/strong>.<\/p>\n<p>De esta manera, <strong>la Reserva se mantiene con 16 puntos en la tabla producto de cinco triunfos, un empate y nueve ca\u00eddas en el campeonato<\/strong>. Cabe recordar que los dirigidos por Milito tienen un partido pendiente ante Arsenal en Sarand\u00ed, correspondiente a la fecha 14.<\/p>\n","protected":false},"excerpt":{"rendered":"<p>La Reserva de Independiente no pudo con Lan\u00fas. En el partido preliminar, el equipo de Gabriel Milito perdi\u00f3 2-1 en el Libertadores de Am\u00e9rica y cort\u00f3 una racha de dos triunfos consecutivos. El Mariscal puso en cancha a Germ\u00e1n Montoya; Fabricio Bustos, Rodrigo Moreira, Facundo Onraita, Juan Manuel Trejo; Fabi\u00e1n Monserrat, Juli\u00e1n Vitale, Guillermo Pereira; [&hellip;]<\/p>\n","protected":false},"author":8,"featured_media":48833,"comment_status":"open","ping_status":"closed","sticky":false,"template":"","format":"standard","meta":{"_links_to":"","_links_to_target":""},"categories":[1,141],"tags":[1960,42,326,231,741],"_links":{"self":[{"href":"https:\/\/www.locoxelrojo.com\/independiente\/wp-json\/wp\/v2\/posts\/48831"}],"collection":[{"href":"https:\/\/www.locoxelrojo.com\/independiente\/wp-json\/wp\/v2\/posts"}],"about":[{"href":"https:\/\/www.locoxelrojo.com\/independiente\/wp-json\/wp\/v2\/types\/post"}],"author":[{"embeddable":true,"href":"https:\/\/www.locoxelrojo.com\/independiente\/wp-json\/wp\/v2\/users\/8"}],"replies":[{"embeddable":true,"href":"https:\/\/www.locoxelrojo.com\/independiente\/wp-json\/wp\/v2\/comments?post=48831"}],"version-history":[{"count":0,"href":"https:\/\/www.locoxelrojo.com\/independiente\/wp-json\/wp\/v2\/posts\/48831\/revisions"}],"wp:featuredmedia":[{"embeddable":true,"href":"https:\/\/www.locoxelrojo.com\/independiente\/wp-json\/wp\/v2\/media\/48833"}],"wp:attachment":[{"href":"https:\/\/www.locoxelrojo.com\/independiente\/wp-json\/wp\/v2\/media?parent=48831"}],"wp:term":[{"taxonomy":"category","embeddable":true,"href":"https:\/\/www.locoxelrojo.com\/independiente\/wp-json\/wp\/v2\/categories?post=48831"},{"taxonomy":"post_tag","embeddable":true,"href":"https:\/\/www.locoxelrojo.com\/independiente\/wp-json\/wp\/v2\/tags?post=48831"}],"curies":[{"name":"wp","href":"https:\/\/api.w.org\/{rel}","templated":true}]}}