{"id":49180,"date":"2014-12-02T16:44:06","date_gmt":"2014-12-02T19:44:06","guid":{"rendered":"http:\/\/www.locoxelrojo.com\/independiente\/?p=49180"},"modified":"2014-12-02T16:44:06","modified_gmt":"2014-12-02T19:44:06","slug":"reducido-y-definicion-en-dominico","status":"publish","type":"post","link":"https:\/\/www.locoxelrojo.com\/independiente\/2014\/12\/02\/reducido-y-definicion-en-dominico\/","title":{"rendered":"Reducido y definici\u00f3n en Dom\u00ednico"},"content":{"rendered":"<p>Independiente contin\u00faa con la puesta a punto de cara al partido final del Torneo de Primera Divisi\u00f3n 2014.<strong> Jorge Almir\u00f3n dispuso trabajos de definici\u00f3n y f\u00fatbol en espacios reducidos.<\/strong><\/p>\n<p>El plantel de Independiente practic\u00f3 este martes por la ma\u00f1ana en el predio de Villa Dom\u00ednico. <strong>Con la cabeza puesta en el encuentro frente a Belgrano, el entrenador hizo hincapi\u00e9 en ejercicios de definici\u00f3n y f\u00fatbol en espacios reducidos.<\/strong><\/p>\n<p>En los pr\u00f3ximos d\u00edas, <strong>Almir\u00f3n tendr\u00e1 que resolver quien ser\u00e1 el reemplazante de V\u00edctor Cuesta<\/strong>, suspendido por la expulsi\u00f3n con Newell&#8217;s. Independiente viajar\u00e1 este viernes por la tarde a la ciudad de C\u00f3rdoba y quedar\u00e1 concentrado a la espera del partido.<\/p>\n","protected":false},"excerpt":{"rendered":"<p>Independiente contin\u00faa con la puesta a punto de cara al partido final del Torneo de Primera Divisi\u00f3n 2014. Jorge Almir\u00f3n dispuso trabajos de definici\u00f3n y f\u00fatbol en espacios reducidos. El plantel de Independiente practic\u00f3 este martes por la ma\u00f1ana en el predio de Villa Dom\u00ednico. Con la cabeza puesta en el encuentro frente a Belgrano, [&hellip;]<\/p>\n","protected":false},"author":1,"featured_media":49181,"comment_status":"open","ping_status":"closed","sticky":false,"template":"","format":"standard","meta":{"_links_to":"","_links_to_target":""},"categories":[3,1],"tags":[26,2724,2754,172],"_links":{"self":[{"href":"https:\/\/www.locoxelrojo.com\/independiente\/wp-json\/wp\/v2\/posts\/49180"}],"collection":[{"href":"https:\/\/www.locoxelrojo.com\/independiente\/wp-json\/wp\/v2\/posts"}],"about":[{"href":"https:\/\/www.locoxelrojo.com\/independiente\/wp-json\/wp\/v2\/types\/post"}],"author":[{"embeddable":true,"href":"https:\/\/www.locoxelrojo.com\/independiente\/wp-json\/wp\/v2\/users\/1"}],"replies":[{"embeddable":true,"href":"https:\/\/www.locoxelrojo.com\/independiente\/wp-json\/wp\/v2\/comments?post=49180"}],"version-history":[{"count":0,"href":"https:\/\/www.locoxelrojo.com\/independiente\/wp-json\/wp\/v2\/posts\/49180\/revisions"}],"wp:featuredmedia":[{"embeddable":true,"href":"https:\/\/www.locoxelrojo.com\/independiente\/wp-json\/wp\/v2\/media\/49181"}],"wp:attachment":[{"href":"https:\/\/www.locoxelrojo.com\/independiente\/wp-json\/wp\/v2\/media?parent=49180"}],"wp:term":[{"taxonomy":"category","embeddable":true,"href":"https:\/\/www.locoxelrojo.com\/independiente\/wp-json\/wp\/v2\/categories?post=49180"},{"taxonomy":"post_tag","embeddable":true,"href":"https:\/\/www.locoxelrojo.com\/independiente\/wp-json\/wp\/v2\/tags?post=49180"}],"curies":[{"name":"wp","href":"https:\/\/api.w.org\/{rel}","templated":true}]}}