{"id":49186,"date":"2014-12-02T17:30:03","date_gmt":"2014-12-02T20:30:03","guid":{"rendered":"http:\/\/www.locoxelrojo.com\/independiente\/?p=49186"},"modified":"2014-12-02T20:39:34","modified_gmt":"2014-12-02T23:39:34","slug":"cantero-los-que-no-me-quieren-van-a-decir-que-fui-un-inutil","status":"publish","type":"post","link":"https:\/\/www.locoxelrojo.com\/independiente\/2014\/12\/02\/cantero-los-que-no-me-quieren-van-a-decir-que-fui-un-inutil\/","title":{"rendered":"Cantero: \u201cLos que no me quieren van a decir que fui un in\u00fatil\u201d"},"content":{"rendered":"<p>Despu\u00e9s de mucho tiempo, <strong>Javier Cantero rompi\u00f3 el silencio y habl\u00f3 de todo lo que pas\u00f3 en Independiente durante su gesti\u00f3n<\/strong>. El expresidente se enfoc\u00f3 en el descenso a la B Nacional y en su conflicto con la barrabrava, los dos temas m\u00e1s sobresalientes de su mandato.<\/p>\n<p><strong>\u201cMe arrepiento de muchas cosas, desde el punto de vista futbol\u00edstico, econ\u00f3mico, declaraciones a la prensa, fueron much\u00edsimos errores. Pero hay algo de lo que no me arrepiento, que fue haber hecho lo que dije que iba a hacer\u201d<\/strong>, coment\u00f3 Cantero en di\u00e1logo con Indirecto, visualizando principalmente la pelea con los barras. Al respecto, justific\u00f3: <strong>\u201cSi algunos creen que fracasamos, lo comprendo. Simplemente digo que cuando me fui del club, los violentos ten\u00edan derecho de admisi\u00f3n y no pod\u00edan entrar. Cumpl\u00ed una promesa electoral\u201d<\/strong>.<\/p>\n<p>Consultado sobre un balance personal sobre su gesti\u00f3n, el expresidente afirm\u00f3: <strong>\u201cSi le preguntan a mis adversarios y a los hinchas que no me quieren, van a decir que fui un in\u00fatil. Si le preguntan a otra gente que me respeta, van a decir que fui alguien que trat\u00f3 de cumplir con lo prometido\u201d<\/strong>. En la misma l\u00ednea, habl\u00f3 de la confianza que le dieron los socios y la posterior reacci\u00f3n: <strong>\u201cAlguno que me vot\u00f3 por lo que yo promet\u00eda, capaz que no se daba cuenta de que no le gustaba lo que yo promet\u00eda, porque las consecuencias pod\u00edan ser malas\u201d<\/strong>.<\/p>\n<p>Por otro lado, Cantero dio su punto de vista sobre el lugar que ocupan las barrasbravas en el f\u00fatbol argentino y la postura de los dirigentes de los clubes: <strong>\u201cEs un mal muy dif\u00edcil de pelearlo s\u00f3lo desde adentro.\u00a0En el f\u00fatbol se cree que esto es as\u00ed y no se puede cambiar, que ya est\u00e1 establecido, ese es el principal error que cometemos.\u00a0Yo no estoy de acuerdo con los dirigentes que dicen que no tienen nada que ver, porque estando adentro me d\u00ed cuenta que tenemos mucho que ver\u201d<\/strong>. Sobre ese tema, dio detalles sobre\u00a0su pelea con los violentos mientras estuvo al frente de Independiente:\u00a0<strong>\u201cNo aplicamos derecho de admisi\u00f3n de por vida, salvo con \u2018Bebote\u2019 \u00c1lvarez, \u2018Loquillo\u2019 y los 27 barras que entraron a mi oficina y me encerraron. Estuve dos a\u00f1os y medio aplicando derechos de admisi\u00f3n, pero los que al principio apoyaban, despu\u00e9s dejaron de apoyar\u201d<\/strong>.<\/p>\n<p>El extitular del club tambi\u00e9n hizo autocr\u00edtica por el descenso del Rojo en junio de 2013, por el cual se adjudic\u00f3 la mayor responsabilidad: <strong>\u201cIndependiente tuvo seis campeonatos\u00a0y\u00a0yo estuve en tres. Yo fui el principal responsable, m\u00e1s que el presidente anterior, porque era el que estaba en el momento en que se estaba jugando el descenso. Tendr\u00eda que haber arbitrado las medidas para que eso no sucediera, obviamente hice todo lo posible. Sufr\u00ed much\u00edsimo, me marc\u00f3 para toda la vida. Desgraciadamente no lo logr\u00e9\u201d<\/strong>. Tras hacerse\u00a0cargo\u00a0del duro golpe que signific\u00f3 jugar en la B Nacional, remarc\u00f3 que tambi\u00e9n tuvo mucho que ver\u00a0en\u00a0el ascenso a Primera:\u00a0<strong>\u201cIndependiente subi\u00f3 con un equipo que armamos nosotros y con un t\u00e9cnico que elegimos nosotros.\u00a0El ascenso me puso muy contento por los jugadores y el cuerpo t\u00e9cnico que sufrieron much\u00edsimo, estaban muy presionados. Es un club muy grande para estar en esta situaci\u00f3n\u201d<\/strong>.<\/p>\n<p>Cantero tambi\u00e9n hizo menci\u00f3n al problema econ\u00f3mico con Federico Ins\u00faa, un jugador que lleg\u00f3 en los \u00faltimos meses de su etapa como presidente: <strong>\u201cEl \u2018Pocho\u2019 era un jugador que necesitaba Omar De Felippe, hicimos todo el esfuerzo y lo trajimos.\u00a0El problema econ\u00f3mico de Independiente no era Ins\u00faa, el problema es que gastamos m\u00e1s de lo que pod\u00edamos para armar un equipo para salvarnos del descenso y no lo logramos\u201d<\/strong>. En ese orden analiz\u00f3 a los jugadores m\u00e1s importantes que incorpor\u00f3\u00a0al club en 2012:\u00a0<strong>\u201cTrajimos a Leguizam\u00f3n que hab\u00eda sido \u00faltimo goleador, al \u2018Tecla\u2019 Far\u00edas, \u2018Chapa\u2019 Zapata, Tula, Morel Rodr\u00edguez, Vargas&#8230; jugadores que cuando uno hac\u00eda la cuenta era mucho dinero\u201d<\/strong>.<\/p>\n<p>Finalmente, se\u00f1al\u00f3 que no acude al estadio a acompa\u00f1ar\u00a0al equipo para no provocar a los hinchas, pero se\u00f1al\u00f3 el buen trato que recibe: <strong>\u201cNo voy a la cancha. Ser\u00eda provocador, no tengo derecho a hacer eso. Veo los partidos y me encuentro con hinchas habitualmente, por suerte tengo buena relaci\u00f3n incluso con los de otros clubes\u201d<\/strong>. Adem\u00e1s, explic\u00f3 que la tensi\u00f3n que hubo en su momento con la gente de Independiente fue la que lo llev\u00f3 a irse del club:\u00a0<strong>\u201cEl d\u00eda que vinieron los 200 barras a la puerta de mi casa, ese d\u00eda me sent\u00ed mal porque no tengo derecho de que mi mujer y mi hija vivan esa situaci\u00f3n. Cuando uno las ve as\u00ed, uno baja los cambios\u201d<\/strong>.<\/p>\n","protected":false},"excerpt":{"rendered":"<p>Despu\u00e9s de mucho tiempo, Javier Cantero rompi\u00f3 el silencio y habl\u00f3 de todo lo que pas\u00f3 en Independiente durante su gesti\u00f3n. El expresidente se enfoc\u00f3 en el descenso a la B Nacional y en su conflicto con la barrabrava, los dos temas m\u00e1s sobresalientes de su mandato. \u201cMe arrepiento de muchas cosas, desde el punto [&hellip;]<\/p>\n","protected":false},"author":8,"featured_media":49196,"comment_status":"open","ping_status":"closed","sticky":false,"template":"","format":"standard","meta":{"_links_to":"","_links_to_target":""},"categories":[3,1],"tags":[2330,1823,153,723],"_links":{"self":[{"href":"https:\/\/www.locoxelrojo.com\/independiente\/wp-json\/wp\/v2\/posts\/49186"}],"collection":[{"href":"https:\/\/www.locoxelrojo.com\/independiente\/wp-json\/wp\/v2\/posts"}],"about":[{"href":"https:\/\/www.locoxelrojo.com\/independiente\/wp-json\/wp\/v2\/types\/post"}],"author":[{"embeddable":true,"href":"https:\/\/www.locoxelrojo.com\/independiente\/wp-json\/wp\/v2\/users\/8"}],"replies":[{"embeddable":true,"href":"https:\/\/www.locoxelrojo.com\/independiente\/wp-json\/wp\/v2\/comments?post=49186"}],"version-history":[{"count":0,"href":"https:\/\/www.locoxelrojo.com\/independiente\/wp-json\/wp\/v2\/posts\/49186\/revisions"}],"wp:featuredmedia":[{"embeddable":true,"href":"https:\/\/www.locoxelrojo.com\/independiente\/wp-json\/wp\/v2\/media\/49196"}],"wp:attachment":[{"href":"https:\/\/www.locoxelrojo.com\/independiente\/wp-json\/wp\/v2\/media?parent=49186"}],"wp:term":[{"taxonomy":"category","embeddable":true,"href":"https:\/\/www.locoxelrojo.com\/independiente\/wp-json\/wp\/v2\/categories?post=49186"},{"taxonomy":"post_tag","embeddable":true,"href":"https:\/\/www.locoxelrojo.com\/independiente\/wp-json\/wp\/v2\/tags?post=49186"}],"curies":[{"name":"wp","href":"https:\/\/api.w.org\/{rel}","templated":true}]}}