{"id":49319,"date":"2014-12-09T15:58:20","date_gmt":"2014-12-09T18:58:20","guid":{"rendered":"http:\/\/www.locoxelrojo.com\/independiente\/?p=49319"},"modified":"2014-12-12T23:04:43","modified_gmt":"2014-12-13T02:04:43","slug":"de-vacaciones-hasta-el-4-de-enero","status":"publish","type":"post","link":"https:\/\/www.locoxelrojo.com\/independiente\/2014\/12\/09\/de-vacaciones-hasta-el-4-de-enero\/","title":{"rendered":"De vacaciones hasta el 4 de enero"},"content":{"rendered":"<p><strong>El plantel de Independiente qued\u00f3 licenciado de vacaciones hasta el 4 de enero.<\/strong> Ese d\u00eda, los dirigidos por Jorge Almir\u00f3n tendr\u00e1n que presentarse en Pilar para arrancar la pretemporada.<\/p>\n<p>Despu\u00e9s de la dura derrota frente a Belgrano en C\u00f3rdoba, <strong>los jugadores de Independiente comenzaron con sus vacaciones luego de un a\u00f1o en el que\u00a0se consigui\u00f3 el ascenso a Primera Divisi\u00f3n, finalizar con 33 puntos en el campeonato y la clasificaci\u00f3n a la Copa Sudamericana.<\/strong><\/p>\n<p>El descanso finaliza el 4 de enero. <strong>La cita ser\u00e1 en el Sheraton de Pilar donde se volver\u00e1n a ver las caras con el entrenador.<\/strong> Seguramente habr\u00e1 muchas bajas por ventas, pr\u00e9stamos y rescisiones de contratos. La idea de Almir\u00f3n es trabajar con un grupo de 30 jugadores, inclu\u00eddos los refuerzos.<\/p>\n","protected":false},"excerpt":{"rendered":"<p>El plantel de Independiente qued\u00f3 licenciado de vacaciones hasta el 4 de enero. Ese d\u00eda, los dirigidos por Jorge Almir\u00f3n tendr\u00e1n que presentarse en Pilar para arrancar la pretemporada. Despu\u00e9s de la dura derrota frente a Belgrano en C\u00f3rdoba, los jugadores de Independiente comenzaron con sus vacaciones luego de un a\u00f1o en el que\u00a0se consigui\u00f3 [&hellip;]<\/p>\n","protected":false},"author":1,"featured_media":49320,"comment_status":"open","ping_status":"closed","sticky":false,"template":"","format":"standard","meta":{"_links_to":"","_links_to_target":""},"categories":[3,1],"tags":[153,2724],"_links":{"self":[{"href":"https:\/\/www.locoxelrojo.com\/independiente\/wp-json\/wp\/v2\/posts\/49319"}],"collection":[{"href":"https:\/\/www.locoxelrojo.com\/independiente\/wp-json\/wp\/v2\/posts"}],"about":[{"href":"https:\/\/www.locoxelrojo.com\/independiente\/wp-json\/wp\/v2\/types\/post"}],"author":[{"embeddable":true,"href":"https:\/\/www.locoxelrojo.com\/independiente\/wp-json\/wp\/v2\/users\/1"}],"replies":[{"embeddable":true,"href":"https:\/\/www.locoxelrojo.com\/independiente\/wp-json\/wp\/v2\/comments?post=49319"}],"version-history":[{"count":0,"href":"https:\/\/www.locoxelrojo.com\/independiente\/wp-json\/wp\/v2\/posts\/49319\/revisions"}],"wp:featuredmedia":[{"embeddable":true,"href":"https:\/\/www.locoxelrojo.com\/independiente\/wp-json\/wp\/v2\/media\/49320"}],"wp:attachment":[{"href":"https:\/\/www.locoxelrojo.com\/independiente\/wp-json\/wp\/v2\/media?parent=49319"}],"wp:term":[{"taxonomy":"category","embeddable":true,"href":"https:\/\/www.locoxelrojo.com\/independiente\/wp-json\/wp\/v2\/categories?post=49319"},{"taxonomy":"post_tag","embeddable":true,"href":"https:\/\/www.locoxelrojo.com\/independiente\/wp-json\/wp\/v2\/tags?post=49319"}],"curies":[{"name":"wp","href":"https:\/\/api.w.org\/{rel}","templated":true}]}}