{"id":49322,"date":"2014-12-09T20:04:39","date_gmt":"2014-12-09T23:04:39","guid":{"rendered":"http:\/\/www.locoxelrojo.com\/independiente\/?p=49322"},"modified":"2014-12-12T23:03:39","modified_gmt":"2014-12-13T02:03:39","slug":"mancuello-si-llega-algo-que-le-sirva-al-club-y-a-mi-se-vera-en-su-momento","status":"publish","type":"post","link":"https:\/\/www.locoxelrojo.com\/independiente\/2014\/12\/09\/mancuello-si-llega-algo-que-le-sirva-al-club-y-a-mi-se-vera-en-su-momento\/","title":{"rendered":"Mancuello: &#8220;Si llega algo que le sirva al club y a m\u00ed, se ver\u00e1 en su momento&#8221;"},"content":{"rendered":"<p>Federico Mancuello parti\u00f3 rumbo a Europa y manifest\u00f3 no saber nada sobre posibles ofertas: <strong>&#8220;Yo s\u00e9 que el 4 de enero tengo que estar en Dom\u00ednico y lo que aparezca se ver\u00e1 si es lo mejor para el Club y para m\u00ed&#8221;<\/strong>.<\/p>\n<p><strong>&#8220;Viajo para descansar. Este viaje ya estaba armado, tengo que ir a ver a un m\u00e9dico, cerrar la ciudadan\u00eda y a buscar mi pasaporte. Voy por seis d\u00edas y despu\u00e9s vuelvo a pasar las fiestas en Reconquista&#8221;<\/strong>, cont\u00f3 el capit\u00e1n en di\u00e1logo con InfiernoRojo Radio antes de emprender vuelo. <strong>&#8220;Ahora es momento para descansar y estar con la familia hasta el 4 de enero. Reci\u00e9n ah\u00ed, pensar en lo que viene. Por el momento no s\u00e9 nada. Seguramente voy a encontrarme con mi representante en Europa y ah\u00ed ver\u00e9&#8221;<\/strong>, agreg\u00f3 en relaci\u00f3n a su futuro en Independiente.<\/p>\n<p>Luego, realiz\u00f3 un balance sobre el campeonato: <strong>&#8220;Este torneo ha sido muy bueno para m\u00ed en lo personal, tambi\u00e9n para el grupo. Haber sido capit\u00e1n, que Jorge (Almir\u00f3n) me haya dado esa posibilidad me llena de orgullo y me gust\u00f3 mucho. Pero es pasado y hay que pensar en lo que viene&#8221;.<\/strong><\/p>\n<p>Para finalizar, se refiri\u00f3 al cari\u00f1o que le brind\u00f3 el hincha durante el a\u00f1o.<strong> &#8220;El reconocimiento de la gente me llena de orgullo. Soy del club, toda mi familia es de Independiente y nos pone muy feliz, me obliga a seguir trabajando, porque este es un club muy grande y te exige siempre. Disfrut\u00e9 mucho y pienso que el a\u00f1o que viene tiene que ser mejor\u201d<\/strong>, cerr\u00f3.<\/p>\n","protected":false},"excerpt":{"rendered":"<p>Federico Mancuello parti\u00f3 rumbo a Europa y manifest\u00f3 no saber nada sobre posibles ofertas: &#8220;Yo s\u00e9 que el 4 de enero tengo que estar en Dom\u00ednico y lo que aparezca se ver\u00e1 si es lo mejor para el Club y para m\u00ed&#8221;. &#8220;Viajo para descansar. Este viaje ya estaba armado, tengo que ir a ver [&hellip;]<\/p>\n","protected":false},"author":1,"featured_media":49323,"comment_status":"open","ping_status":"closed","sticky":false,"template":"","format":"standard","meta":{"_links_to":"","_links_to_target":""},"categories":[3,1],"tags":[48],"_links":{"self":[{"href":"https:\/\/www.locoxelrojo.com\/independiente\/wp-json\/wp\/v2\/posts\/49322"}],"collection":[{"href":"https:\/\/www.locoxelrojo.com\/independiente\/wp-json\/wp\/v2\/posts"}],"about":[{"href":"https:\/\/www.locoxelrojo.com\/independiente\/wp-json\/wp\/v2\/types\/post"}],"author":[{"embeddable":true,"href":"https:\/\/www.locoxelrojo.com\/independiente\/wp-json\/wp\/v2\/users\/1"}],"replies":[{"embeddable":true,"href":"https:\/\/www.locoxelrojo.com\/independiente\/wp-json\/wp\/v2\/comments?post=49322"}],"version-history":[{"count":0,"href":"https:\/\/www.locoxelrojo.com\/independiente\/wp-json\/wp\/v2\/posts\/49322\/revisions"}],"wp:featuredmedia":[{"embeddable":true,"href":"https:\/\/www.locoxelrojo.com\/independiente\/wp-json\/wp\/v2\/media\/49323"}],"wp:attachment":[{"href":"https:\/\/www.locoxelrojo.com\/independiente\/wp-json\/wp\/v2\/media?parent=49322"}],"wp:term":[{"taxonomy":"category","embeddable":true,"href":"https:\/\/www.locoxelrojo.com\/independiente\/wp-json\/wp\/v2\/categories?post=49322"},{"taxonomy":"post_tag","embeddable":true,"href":"https:\/\/www.locoxelrojo.com\/independiente\/wp-json\/wp\/v2\/tags?post=49322"}],"curies":[{"name":"wp","href":"https:\/\/api.w.org\/{rel}","templated":true}]}}