{"id":49459,"date":"2014-12-19T17:00:55","date_gmt":"2014-12-19T20:00:55","guid":{"rendered":"http:\/\/www.locoxelrojo.com\/independiente\/?p=49459"},"modified":"2014-12-19T21:38:49","modified_gmt":"2014-12-20T00:38:49","slug":"insua-habia-una-bajada-de-linea-y-almiron-no-conto-conmigo","status":"publish","type":"post","link":"https:\/\/www.locoxelrojo.com\/independiente\/2014\/12\/19\/insua-habia-una-bajada-de-linea-y-almiron-no-conto-conmigo\/","title":{"rendered":"Ins\u00faa: \u201cHab\u00eda una bajada de l\u00ednea y Almir\u00f3n no cont\u00f3 conmigo\u201d"},"content":{"rendered":"<p>Despu\u00e9s de desvincularse completamente de Independiente, <strong>Federico Ins\u00faa habl\u00f3 de su salida del club y no se guard\u00f3 nada<\/strong>. El Pocho acus\u00f3 a la dirigencia de manipular al t\u00e9cnico Jorge Almir\u00f3n para que no lo tuviese en cuenta en el campeonato.<\/p>\n<p><strong>\u201cLas cosas se dicen en su momento. Lo que ten\u00eda que decir, lo dije cuando me separaron del plantel y sigo pensando lo mismo. Ellos tomaron una decisi\u00f3n, se rescindi\u00f3 el v\u00ednculo y ahora firm\u00e9 para Millonarios\u201d<\/strong>, dijo en primera instancia Ins\u00faa en di\u00e1logo con TyC Sports, y enseguida\u00a0se\u00f1al\u00f3 algunas cuestiones de su salida: <strong>\u201cEl objetivo era subir a Primera y se logr\u00f3. Despu\u00e9s, l\u00f3gicamente quer\u00eda jugar, pero hab\u00eda una bajada de l\u00ednea y el entrenador no cont\u00f3 conmigo, pero siempre con respeto de todas las partes\u201d<\/strong>.<\/p>\n<p><strong>\u201cMe mandaron a entrenar con Gaby (Milito), fui y en ese sentido me siento orgulloso porque nunca tom\u00e9 partido de eso, ni sal\u00ed a declarar nada malo. Solamente dije lo que pensaba y lo que realmente pas\u00f3\u201d<\/strong>, agreg\u00f3 el volante, quien consider\u00f3 que esa etapa de su carrera <strong>\u201cfue un crecimiento\u201d<\/strong> en lo personal. <strong>\u201cNunca me hab\u00eda pasado algo as\u00ed. Cuando me toc\u00f3 ser separado del plantel, los clubes me empezaron a llamar porque se dieron cuenta de que futbol\u00edstico no era\u201d<\/strong>, remarc\u00f3.<\/p>\n<p>Ins\u00faa explic\u00f3 las supuestas presiones que recibi\u00f3 Almir\u00f3n para dejarlo al margen del plantel del Rojo: <strong>\u201c\u00c9l dijo que yo no pod\u00eda jugar, no es que yo lo estoy diciendo ahora por excusarme de algo. Ten\u00eda un contrato que para ellos era alto, para m\u00ed era normal, pero no modificaba mis condiciones como jugador\u201d<\/strong>. Adem\u00e1s, coment\u00f3 detalles de su llegada principios de 2014: <strong>\u201cCuando fui a Independiente lo aclar\u00e9 bien; ten\u00eda que cobrar algo de V\u00e9lez porque ten\u00eda una final a los dos d\u00edas. El club se hizo cargo y por eso firm\u00e9\u201d<\/strong>.<\/p>\n<p><strong>\u201cAgarr\u00f3 esta gente, no quer\u00edan que yo siga en el club y no hubo ning\u00fan problema, se lleg\u00f3 a un acuerdo, arreglamos la situaci\u00f3n, se rescindi\u00f3 de com\u00fan acuerdo y me fui, despu\u00e9s lo que le hayan dicho al entrenador lo desconozco\u201d<\/strong>, a\u00f1adi\u00f3 el exvolante del Rojo, quien le dedic\u00f3 unas palabras a los hinchas que lo apoyaron en el encuentro ante Rosario Central: <strong>\u201cEs dif\u00edcil olvidarme ese cari\u00f1o que me dieron, encima entr\u00e9 s\u00f3lo ocho minutos. Ese fue el \u00fanico partido que jugu\u00e9 en este semestre\u201d<\/strong>.<\/p>\n","protected":false},"excerpt":{"rendered":"<p>Despu\u00e9s de desvincularse completamente de Independiente, Federico Ins\u00faa habl\u00f3 de su salida del club y no se guard\u00f3 nada. El Pocho acus\u00f3 a la dirigencia de manipular al t\u00e9cnico Jorge Almir\u00f3n para que no lo tuviese en cuenta en el campeonato. \u201cLas cosas se dicen en su momento. Lo que ten\u00eda que decir, lo dije [&hellip;]<\/p>\n","protected":false},"author":8,"featured_media":48029,"comment_status":"open","ping_status":"closed","sticky":false,"template":"","format":"standard","meta":{"_links_to":"","_links_to_target":""},"categories":[3,1],"tags":[153,701,140,2724,2845],"_links":{"self":[{"href":"https:\/\/www.locoxelrojo.com\/independiente\/wp-json\/wp\/v2\/posts\/49459"}],"collection":[{"href":"https:\/\/www.locoxelrojo.com\/independiente\/wp-json\/wp\/v2\/posts"}],"about":[{"href":"https:\/\/www.locoxelrojo.com\/independiente\/wp-json\/wp\/v2\/types\/post"}],"author":[{"embeddable":true,"href":"https:\/\/www.locoxelrojo.com\/independiente\/wp-json\/wp\/v2\/users\/8"}],"replies":[{"embeddable":true,"href":"https:\/\/www.locoxelrojo.com\/independiente\/wp-json\/wp\/v2\/comments?post=49459"}],"version-history":[{"count":0,"href":"https:\/\/www.locoxelrojo.com\/independiente\/wp-json\/wp\/v2\/posts\/49459\/revisions"}],"wp:featuredmedia":[{"embeddable":true,"href":"https:\/\/www.locoxelrojo.com\/independiente\/wp-json\/wp\/v2\/media\/48029"}],"wp:attachment":[{"href":"https:\/\/www.locoxelrojo.com\/independiente\/wp-json\/wp\/v2\/media?parent=49459"}],"wp:term":[{"taxonomy":"category","embeddable":true,"href":"https:\/\/www.locoxelrojo.com\/independiente\/wp-json\/wp\/v2\/categories?post=49459"},{"taxonomy":"post_tag","embeddable":true,"href":"https:\/\/www.locoxelrojo.com\/independiente\/wp-json\/wp\/v2\/tags?post=49459"}],"curies":[{"name":"wp","href":"https:\/\/api.w.org\/{rel}","templated":true}]}}