{"id":49498,"date":"2014-12-28T18:37:04","date_gmt":"2014-12-28T21:37:04","guid":{"rendered":"http:\/\/www.locoxelrojo.com\/independiente\/?p=49498"},"modified":"2014-12-30T01:59:05","modified_gmt":"2014-12-30T04:59:05","slug":"lacerda-como-no-voy-a-querer-ir-a-independiente","status":"publish","type":"post","link":"https:\/\/www.locoxelrojo.com\/independiente\/2014\/12\/28\/lacerda-como-no-voy-a-querer-ir-a-independiente\/","title":{"rendered":"Lacerda: &#8220;\u00bfC\u00f3mo no voy a querer ir a Independiente?&#8221;"},"content":{"rendered":"<p>Jonathan Lacerda es el defensor uruguayo que Jorge Almir\u00f3n le pidi\u00f3 a los dirigentes. Noray Nakis confirm\u00f3 que en las pr\u00f3ximas horas vendr\u00e1 a Buenos Aires a realizarse la revisi\u00f3n m\u00e9dica. <strong>&#8220;A cualquier futbolista le gustar\u00eda jugar all\u00ed, ojal\u00e1 se d\u00e9&#8221;<\/strong>, expres\u00f3.<\/p>\n<p><strong>&#8220;Tengo buenos recuerdos de Jorge Almir\u00f3n. Sabe lo que quiere y sus ideas son claras&#8221;<\/strong>, manifest\u00f3 en declaraciones al Diario Ol\u00e9. Lacerda y Almir\u00f3n coincidieron en su paso por el Atlas en el 2011. <strong>\u201cEstuvimos poco tiempo porque me fui a Puebla, pero uno se da cuenta c\u00f3mo es la persona. Le gustaba apostar al ataque\u201d<\/strong>, agreg\u00f3.<\/p>\n<p><strong>&#8220;\u00bfC\u00f3mo no voy a querer ir a Independiente? Est\u00e1 entre los mejores equipos de Argentina. A cualquier futbolista le gustar\u00eda jugar all\u00ed&#8221;<\/strong>, confes\u00f3 el defensor. En sus inicios en el f\u00fatbol uruguayo se desempe\u00f1aba como marcador central, pero durante su estad\u00eda en M\u00e9xico durante varios a\u00f1os jug\u00f3 de lateral por la izquierda: <strong>&#8220;Siendo honesto, me gusta m\u00e1s de zaguero, pero ninguna de las dos me desagrada&#8221;<\/strong>.<\/p>\n<p>Para finalizar, de vacaciones en su ciudad natal, espera una resoluci\u00f3n positiva para desembarcar en el Rojo: <strong>&#8220;No quiero precipitarme y respetar a los dirigentes que est\u00e1n trabajando en el tema. Espero con cautela. Ojal\u00e1 se d\u00e9\u201d<\/strong>.<\/p>\n","protected":false},"excerpt":{"rendered":"<p>Jonathan Lacerda es el defensor uruguayo que Jorge Almir\u00f3n le pidi\u00f3 a los dirigentes. Noray Nakis confirm\u00f3 que en las pr\u00f3ximas horas vendr\u00e1 a Buenos Aires a realizarse la revisi\u00f3n m\u00e9dica. &#8220;A cualquier futbolista le gustar\u00eda jugar all\u00ed, ojal\u00e1 se d\u00e9&#8221;, expres\u00f3. &#8220;Tengo buenos recuerdos de Jorge Almir\u00f3n. Sabe lo que quiere y sus ideas [&hellip;]<\/p>\n","protected":false},"author":1,"featured_media":49499,"comment_status":"open","ping_status":"closed","sticky":false,"template":"","format":"standard","meta":{"_links_to":"","_links_to_target":""},"categories":[3,1],"tags":[2857],"_links":{"self":[{"href":"https:\/\/www.locoxelrojo.com\/independiente\/wp-json\/wp\/v2\/posts\/49498"}],"collection":[{"href":"https:\/\/www.locoxelrojo.com\/independiente\/wp-json\/wp\/v2\/posts"}],"about":[{"href":"https:\/\/www.locoxelrojo.com\/independiente\/wp-json\/wp\/v2\/types\/post"}],"author":[{"embeddable":true,"href":"https:\/\/www.locoxelrojo.com\/independiente\/wp-json\/wp\/v2\/users\/1"}],"replies":[{"embeddable":true,"href":"https:\/\/www.locoxelrojo.com\/independiente\/wp-json\/wp\/v2\/comments?post=49498"}],"version-history":[{"count":0,"href":"https:\/\/www.locoxelrojo.com\/independiente\/wp-json\/wp\/v2\/posts\/49498\/revisions"}],"wp:featuredmedia":[{"embeddable":true,"href":"https:\/\/www.locoxelrojo.com\/independiente\/wp-json\/wp\/v2\/media\/49499"}],"wp:attachment":[{"href":"https:\/\/www.locoxelrojo.com\/independiente\/wp-json\/wp\/v2\/media?parent=49498"}],"wp:term":[{"taxonomy":"category","embeddable":true,"href":"https:\/\/www.locoxelrojo.com\/independiente\/wp-json\/wp\/v2\/categories?post=49498"},{"taxonomy":"post_tag","embeddable":true,"href":"https:\/\/www.locoxelrojo.com\/independiente\/wp-json\/wp\/v2\/tags?post=49498"}],"curies":[{"name":"wp","href":"https:\/\/api.w.org\/{rel}","templated":true}]}}