{"id":495,"date":"2010-08-29T23:05:52","date_gmt":"2010-08-30T02:05:52","guid":{"rendered":"http:\/\/www.locoxelrojo.com.ar\/independiente\/?p=495"},"modified":"2015-09-08T23:05:32","modified_gmt":"2015-09-09T02:05:32","slug":"godoy-el-primero-en-hablar","status":"publish","type":"post","link":"https:\/\/www.locoxelrojo.com\/independiente\/2010\/08\/29\/godoy-el-primero-en-hablar\/","title":{"rendered":"Godoy, el primero en hablar"},"content":{"rendered":"<p><a href=\"http:\/\/www.locoxelrojo.com.ar\/independiente\/wp-content\/uploads\/2010\/08\/godoy.jpg\"><img loading=\"lazy\" class=\"alignnone size-full wp-image-496\" title=\"godoy\" src=\"http:\/\/www.locoxelrojo.com.ar\/independiente\/wp-content\/uploads\/2010\/08\/godoy.jpg\" alt=\"\" width=\"550\" height=\"315\" srcset=\"https:\/\/locoxelrojo.com\/independiente\/wp-content\/uploads\/2010\/08\/godoy.jpg 550w, https:\/\/locoxelrojo.com\/independiente\/wp-content\/uploads\/2010\/08\/godoy-300x171.jpg 300w\" sizes=\"(max-width: 550px) 100vw, 550px\" \/><\/a><\/p>\n<p>Fernando Godoy dialog\u00f3 con <strong>Independiente de Am\u00e9rica por Radio el Mundo AM1070<\/strong> (Domingos de 22 a 24) y coment\u00f3 el sacrificio f\u00edsico que implic\u00f3 jugar hoy a las 13,30 horas, explic\u00f3 desde su punto de vista cu\u00e1les son las falencias t\u00e1cticas y se manifest\u00f3 triste por la situaci\u00f3n que a Independiente le toca atravesar.<\/p>\n<p>De entrada, al n\u00famero 5 se lo vio mal an\u00edmicamente por ser jugador del club.<strong> &#8220;estamos mal, los resultados no se nos dan y obviamente queremos ganar para sacar esto adelante. El otro d\u00eda en la copa subimos un escaloncito pero hoy lo bajamos de nuevo&#8221;<\/strong>, manifest\u00f3 Godoy.<\/p>\n<p>Desde el punto de vista t\u00e1ctico, el volante central explic\u00f3 que <strong>&#8220;los partidos de hoy son de pocas chances y hay que tratar de aprovecharlas, estamos errando en el \u00faltimo toque en tres cuartos de cancha donde hay que tener paciencia para meter la pelota y por eso pasa lo que pasa&#8221;<\/strong>. El problema, es entonces que se est\u00e1 <strong>&#8220;errando mucho en el \u00faltimo toque para llegar al delantero y ese pase es fundamental.&#8221;<\/strong><\/p>\n<p>Sobre el poco descanso, Fernando Godoy reproch\u00f3 que<strong> &#8220;No es bueno jugar a la 1 y media un domingo porque no hay recuperaci\u00f3n. Ning\u00fan jugador tiene 2 d\u00edas de recuperaci\u00f3n, con un par de horas m\u00e1s o un d\u00eda m\u00e1s hubiera sido ideal.&#8221; <\/strong>Esto se debe a que seg\u00fan cont\u00f3 el 5, el jueves todos hicieron <strong>&#8220;un gran esfuerzo&#8221; <\/strong>y quedaron <strong>&#8220;muy cansados&#8221;<\/strong>.<\/p>\n<p>Producto de esto, seg\u00fan cont\u00f3 Godoy, hoy trataron de estar<strong> &#8220;un poco m\u00e1s tranquilos&#8221;<\/strong> a la hora de presionar. Es por eso que se dificult\u00f3 un poco lo que ped\u00eda Garnero a la hora de <strong>&#8220;recuperar r\u00e1pido y presionar sin salir de a uno para no crear espacios para el contrario.&#8221;<\/strong> Sin embargo, las cosas no salieron,<strong> &#8220;Independiente recuper\u00f3 la pelota r\u00e1pido pero la perdi\u00f3 f\u00e1cil.&#8221;<\/strong><\/p>\n<p>A esto se le agrega el esfuerzo f\u00edsico que debi\u00f3 hacerse para remontar el resultado. <strong>&#8220;Al final estaba liquidado, muerto&#8221;<\/strong>, confes\u00f3 Godoy. Sin embargo, advirti\u00f3 <strong>&#8220;Todos dimos lo m\u00e1ximo y se hizo lo posible hasta lo \u00faltimo para empatar.&#8221;<\/strong> No solo fue una cuesti\u00f3n f\u00edsica, sino que desde la mirada del volante, <strong>&#8220;hay que estar finos en los \u00faltimos metros para meter la pelota f\u00e1cil y cuando no la tenemos recuperarla r\u00e1pido y no perderla f\u00e1cil.&#8221;<\/strong><\/p>\n<p>Son muchos los hinchas que reconocen el buen rendimiento del oriundo de Capital Federal. A pesar de esto, Godoy confes\u00f3 que si bien esta contento en lo personal, cuando las cosas no se dan en lo grupal no es bueno.<strong> &#8220;Cuando el equipo anda bien, todos andan bien y por eso no puedo disfrutarlo tanto.&#8221;<\/strong>, contest\u00f3. Igualmente, se lo ve tranquilo porque trata <strong>&#8220;de entrar en la cancha y dejar todo&#8221;<\/strong>.<\/p>\n<p>Ante el cuestionamiento de la situaci\u00f3n que se dio en el vestuario teniendo en cuenta que se demor\u00f3 la conferencia de prensa y que los jugadores no sal\u00edan de la zona mixta, Godoy explic\u00f3 que <strong>&#8220;El vestuario no era momento para charlar, est\u00e1bamos todos muy ca\u00eddos y mal porque Arsenal no era un equipo que nos pod\u00eda hacer tanto da\u00f1o, en la semana hay que corregir errores. Creo que al ver los otros equipos como V\u00e9lez, River y Argentinos, son mejores y le hemos hecho por momento un buen partido, llegando varias veces. SI bien Arsenal tiene su juego, tampoco nos creo tantas situaciones de gol. Fueron dos errores que pagamos caro.&#8221;<\/strong><\/p>\n","protected":false},"excerpt":{"rendered":"<p>Fernando Godoy dialog\u00f3 con Independiente de Am\u00e9rica por Radio el Mundo AM1070 (Domingos de 22 a 24) y coment\u00f3 el sacrificio f\u00edsico que implic\u00f3 jugar hoy a las 13,30 horas, explic\u00f3 desde su punto de vista cu\u00e1les son las falencias t\u00e1cticas y se manifest\u00f3 triste por la situaci\u00f3n que a Independiente le toca atravesar. De [&hellip;]<\/p>\n","protected":false},"author":1,"featured_media":0,"comment_status":"open","ping_status":"open","sticky":false,"template":"","format":"standard","meta":{"_links_to":"","_links_to_target":""},"categories":[3,1],"tags":[29],"_links":{"self":[{"href":"https:\/\/www.locoxelrojo.com\/independiente\/wp-json\/wp\/v2\/posts\/495"}],"collection":[{"href":"https:\/\/www.locoxelrojo.com\/independiente\/wp-json\/wp\/v2\/posts"}],"about":[{"href":"https:\/\/www.locoxelrojo.com\/independiente\/wp-json\/wp\/v2\/types\/post"}],"author":[{"embeddable":true,"href":"https:\/\/www.locoxelrojo.com\/independiente\/wp-json\/wp\/v2\/users\/1"}],"replies":[{"embeddable":true,"href":"https:\/\/www.locoxelrojo.com\/independiente\/wp-json\/wp\/v2\/comments?post=495"}],"version-history":[{"count":0,"href":"https:\/\/www.locoxelrojo.com\/independiente\/wp-json\/wp\/v2\/posts\/495\/revisions"}],"wp:attachment":[{"href":"https:\/\/www.locoxelrojo.com\/independiente\/wp-json\/wp\/v2\/media?parent=495"}],"wp:term":[{"taxonomy":"category","embeddable":true,"href":"https:\/\/www.locoxelrojo.com\/independiente\/wp-json\/wp\/v2\/categories?post=495"},{"taxonomy":"post_tag","embeddable":true,"href":"https:\/\/www.locoxelrojo.com\/independiente\/wp-json\/wp\/v2\/tags?post=495"}],"curies":[{"name":"wp","href":"https:\/\/api.w.org\/{rel}","templated":true}]}}