{"id":49508,"date":"2014-12-29T06:00:50","date_gmt":"2014-12-29T09:00:50","guid":{"rendered":"http:\/\/www.locoxelrojo.com\/independiente\/?p=49508"},"modified":"2014-12-29T08:25:28","modified_gmt":"2014-12-29T11:25:28","slug":"parra-cuando-volvi-a-independiente-no-me-cumplieron-con-nada","status":"publish","type":"post","link":"https:\/\/www.locoxelrojo.com\/independiente\/2014\/12\/29\/parra-cuando-volvi-a-independiente-no-me-cumplieron-con-nada\/","title":{"rendered":"Parra: \u201cCuando volv\u00ed a Independiente no me cumplieron con nada\u201d"},"content":{"rendered":"<p>Seis meses despu\u00e9s de su salida de Independiente, <strong>Facundo Parra<\/strong> record\u00f3 sus dos etapas en\u00a0el club y dej\u00f3 mucha tela para cortar. El delantero valor\u00f3 la experiencia de su paso por el Rojo, pero <strong>no dud\u00f3 en disparar contra las \u00faltimas dos dirigencias: la de Javier Cantero y la de Hugo Moyano<\/strong>. Entre otras cosas, reproch\u00f3 incumplimientos con su contrato y falta de di\u00e1logo.<\/p>\n<p>En primera instancia, el delantero remarc\u00f3 en los micr\u00f3fonos de Ascenso Sport la dificultad de competir en\u00a0la B Nacional con Independiente: <strong>\u201cEs dif\u00edcil jugar una situaci\u00f3n as\u00ed en un club que no est\u00e1 acostumbrado. Por momentos se hizo bastante cuesta arriba y eso se sufre, es un estr\u00e9s muy grande.\u00a0Quiz\u00e1s pens\u00e1s que va a ser un poco m\u00e1s accesible y termin\u00f3 siendo un calvario, todos nos quer\u00edan ganar de cualquier manera\u201d<\/strong>. Sin embargo, rescat\u00f3 cosas positivas de esa temporada:\u00a0<strong>\u201cFue un gran logro para nosotros conseguir el ascenso. Y una gran experiencia, porque despu\u00e9s de jugar eso pod\u00e9s jugar lo que sea\u201d<\/strong>. Adem\u00e1s, coment\u00f3 que ese desgaste de jugar en la segunda divisi\u00f3n fue lo que desencaden\u00f3 en su salida:\u00a0<strong>\u201cMe hubiese gustado continuar pero me parece que no era el momento. Necesitaba un cambio de aire, no me sent\u00eda bien\u00a0y\u00a0quiz\u00e1s ese cambio de aire era jugar en Primera\u201d<\/strong>.<\/p>\n<p>A la hora de opinar\u00a0sobre los dirigentes con los que convivi\u00f3\u00a0en el Rojo, Parra destac\u00f3 varios puntos negativos\u00a0del mandato de la Agrupaci\u00f3n Independiente M\u00edstico:\u00a0<strong>\u201cLa etapa de Cantero conmigo no fue buena. Si bien yo hice un esfuerzo por volver a Independiente, de lo que yo habl\u00e9 no me cumplieron con nada. Eso fue bastante complicado para m\u00ed. M\u00e1s all\u00e1 de lo que fue el a\u00f1o\u00a0deportivo, econ\u00f3micamente no me cumplieron con nada\u201d<\/strong>. El goleador explic\u00f3 que el expresidente\u00a0<strong>\u201cs<\/strong><span style=\"font-size: 13px;\"><strong>e expuso mucho y expuso mucho a todo el club\u201d<\/strong>, ya que\u00a0<strong>\u201cse meti\u00f3 con temas complicados como las hinchadas de Argentina\u201d<\/strong>. Sobre este \u00faltimo punto, manifest\u00f3: <strong>\u201cEso no es un chiste. No\u00a0te pod\u00e9s meter a tratar de erradicar algo que por a\u00f1os estuvo en nuestra sociedad. Trat\u00e1bamos de que no nos pese pero pesaba, hab\u00eda un ambiente que no era normal y no era lindo jugar as\u00ed\u201d<\/strong>.<\/span><\/p>\n<p>Siguiendo con su an\u00e1lisis, el atacante se refiri\u00f3 a la llegada de Moyano, que tampoco le dej\u00f3 buenas sensaciones:\u00a0<strong>\u201cYo no compart\u00ed nada con estos dirigentes nuevos, me fui cuando ellos llegaron y no tengo idea. Conmigo no se manejaron de la mejor manera, pero tampoco tengo rencor\u201d<\/strong>. En la misma l\u00ednea, cont\u00f3 que las nuevas autoridades no se comunicaron con \u00e9l para\u00a0definir su continuidad despu\u00e9s de conseguir el ascenso en junio:\u00a0<strong>\u201cMe doli\u00f3 que nadie me llam\u00f3 para decirme que no estaba\u00a0m\u00e1s o si quer\u00eda seguir despu\u00e9s de pasar tanto tiempo en Independiente y haber vivido tantas cosas. No fueron capaces de\u00a0llamarme por tel\u00e9fono y decirme que no me quer\u00edan\u201d<\/strong>.<\/p>\n<p>Finalmente, Parra dio su punto de vista sobre la conflictiva salida de Federico Ins\u00faa y la posible partida de Daniel Montenegro, dos \u00eddolos de Independiente con los que comparti\u00f3 vestuario el semestre pasado: <strong>\u201cCreo que tanto el Pocho como\u00a0el Rolfi no se merec\u00edan\u00a0terminar de esta manera. Son jugadores que le han dado much\u00edsimo al club como para que un t\u00e9cnico o alguien decida sobre la situaci\u00f3n o el futuro de un jugador\u201d<\/strong>.<\/p>\n","protected":false},"excerpt":{"rendered":"<p>Seis meses despu\u00e9s de su salida de Independiente, Facundo Parra record\u00f3 sus dos etapas en\u00a0el club y dej\u00f3 mucha tela para cortar. El delantero valor\u00f3 la experiencia de su paso por el Rojo, pero no dud\u00f3 en disparar contra las \u00faltimas dos dirigencias: la de Javier Cantero y la de Hugo Moyano. Entre otras cosas, [&hellip;]<\/p>\n","protected":false},"author":8,"featured_media":49509,"comment_status":"open","ping_status":"closed","sticky":false,"template":"","format":"standard","meta":{"_links_to":"","_links_to_target":""},"categories":[3,1],"tags":[153,1859,36,701,140,723,33],"_links":{"self":[{"href":"https:\/\/www.locoxelrojo.com\/independiente\/wp-json\/wp\/v2\/posts\/49508"}],"collection":[{"href":"https:\/\/www.locoxelrojo.com\/independiente\/wp-json\/wp\/v2\/posts"}],"about":[{"href":"https:\/\/www.locoxelrojo.com\/independiente\/wp-json\/wp\/v2\/types\/post"}],"author":[{"embeddable":true,"href":"https:\/\/www.locoxelrojo.com\/independiente\/wp-json\/wp\/v2\/users\/8"}],"replies":[{"embeddable":true,"href":"https:\/\/www.locoxelrojo.com\/independiente\/wp-json\/wp\/v2\/comments?post=49508"}],"version-history":[{"count":0,"href":"https:\/\/www.locoxelrojo.com\/independiente\/wp-json\/wp\/v2\/posts\/49508\/revisions"}],"wp:featuredmedia":[{"embeddable":true,"href":"https:\/\/www.locoxelrojo.com\/independiente\/wp-json\/wp\/v2\/media\/49509"}],"wp:attachment":[{"href":"https:\/\/www.locoxelrojo.com\/independiente\/wp-json\/wp\/v2\/media?parent=49508"}],"wp:term":[{"taxonomy":"category","embeddable":true,"href":"https:\/\/www.locoxelrojo.com\/independiente\/wp-json\/wp\/v2\/categories?post=49508"},{"taxonomy":"post_tag","embeddable":true,"href":"https:\/\/www.locoxelrojo.com\/independiente\/wp-json\/wp\/v2\/tags?post=49508"}],"curies":[{"name":"wp","href":"https:\/\/api.w.org\/{rel}","templated":true}]}}