{"id":49570,"date":"2015-01-03T16:37:34","date_gmt":"2015-01-03T19:37:34","guid":{"rendered":"http:\/\/www.locoxelrojo.com\/independiente\/?p=49570"},"modified":"2015-01-03T16:37:34","modified_gmt":"2015-01-03T19:37:34","slug":"se-acabo-el-descanso-2","status":"publish","type":"post","link":"https:\/\/www.locoxelrojo.com\/independiente\/2015\/01\/03\/se-acabo-el-descanso-2\/","title":{"rendered":"Se acab\u00f3 el descanso"},"content":{"rendered":"<p><strong>Este domingo a parir de las 20, el plantel de Independiente deber\u00e1 presentarse en el Hotel Sheraton de Pilar para comenzar con los primeros trabajos de pretemporada.<\/strong><\/p>\n<p>El descanso se termin\u00f3 y atr\u00e1s ya qued\u00f3 un 2014 con sabor agridulce. El 2015 arranc\u00f3 sin caras nuevas para Jorge Almir\u00f3n y hasta el momento, <strong>las \u00fanicas dos bajas son las salidas de Federico Ins\u00faa y Patricio Vidal.<\/strong><\/p>\n<p>Comienzan los d\u00edas de decisiones importantes para el entrenador y tambi\u00e9n para los dirigentes. <strong>Almir\u00f3n deber\u00e1 resolver cu\u00e1les ser\u00e1n los jugadores con los que va a contar para la pr\u00f3xima temporada.<\/strong> Por su parte, <strong>los dirigentes tendr\u00e1n que moverse r\u00e1pido en el mercado de pases para remediar la promesa incumplida de reforzar el equipo antes del arranque de la pretemporada.<\/strong><\/p>\n<p>La delegaci\u00f3n deber\u00e1 presentarse el domingo por la noche para cenar todos juntos. <strong>Desde el lunes, comenzar\u00e1n los primeros trabajos y est\u00e1n contemplados una serie de estudios m\u00e9dicos, an\u00e1lisis y evaluaciones f\u00edsicas de rutina.<\/strong><\/p>\n","protected":false},"excerpt":{"rendered":"<p>Este domingo a parir de las 20, el plantel de Independiente deber\u00e1 presentarse en el Hotel Sheraton de Pilar para comenzar con los primeros trabajos de pretemporada. El descanso se termin\u00f3 y atr\u00e1s ya qued\u00f3 un 2014 con sabor agridulce. El 2015 arranc\u00f3 sin caras nuevas para Jorge Almir\u00f3n y hasta el momento, las \u00fanicas [&hellip;]<\/p>\n","protected":false},"author":1,"featured_media":47016,"comment_status":"open","ping_status":"closed","sticky":false,"template":"","format":"standard","meta":{"_links_to":"","_links_to_target":""},"categories":[3,1],"tags":[2724,1905,2824],"_links":{"self":[{"href":"https:\/\/www.locoxelrojo.com\/independiente\/wp-json\/wp\/v2\/posts\/49570"}],"collection":[{"href":"https:\/\/www.locoxelrojo.com\/independiente\/wp-json\/wp\/v2\/posts"}],"about":[{"href":"https:\/\/www.locoxelrojo.com\/independiente\/wp-json\/wp\/v2\/types\/post"}],"author":[{"embeddable":true,"href":"https:\/\/www.locoxelrojo.com\/independiente\/wp-json\/wp\/v2\/users\/1"}],"replies":[{"embeddable":true,"href":"https:\/\/www.locoxelrojo.com\/independiente\/wp-json\/wp\/v2\/comments?post=49570"}],"version-history":[{"count":0,"href":"https:\/\/www.locoxelrojo.com\/independiente\/wp-json\/wp\/v2\/posts\/49570\/revisions"}],"wp:featuredmedia":[{"embeddable":true,"href":"https:\/\/www.locoxelrojo.com\/independiente\/wp-json\/wp\/v2\/media\/47016"}],"wp:attachment":[{"href":"https:\/\/www.locoxelrojo.com\/independiente\/wp-json\/wp\/v2\/media?parent=49570"}],"wp:term":[{"taxonomy":"category","embeddable":true,"href":"https:\/\/www.locoxelrojo.com\/independiente\/wp-json\/wp\/v2\/categories?post=49570"},{"taxonomy":"post_tag","embeddable":true,"href":"https:\/\/www.locoxelrojo.com\/independiente\/wp-json\/wp\/v2\/tags?post=49570"}],"curies":[{"name":"wp","href":"https:\/\/api.w.org\/{rel}","templated":true}]}}