{"id":49671,"date":"2015-01-08T14:01:22","date_gmt":"2015-01-08T17:01:22","guid":{"rendered":"http:\/\/www.locoxelrojo.com\/independiente\/?p=49671"},"modified":"2015-01-08T17:12:55","modified_gmt":"2015-01-08T20:12:55","slug":"seis-juveniles-se-suman-a-la-pretemporada","status":"publish","type":"post","link":"https:\/\/www.locoxelrojo.com\/independiente\/2015\/01\/08\/seis-juveniles-se-suman-a-la-pretemporada\/","title":{"rendered":"Seis juveniles se suman a la pretemporada"},"content":{"rendered":"<p>Con el visto bueno del flamante entrenador de la Reserva Fernando Ber\u00f3n, <strong>Jorge Almir\u00f3n decidi\u00f3 subir a seis juveniles a la pretemporada de Primera en Pilar. <\/strong><\/p>\n<p><strong>Sa\u00fal Nelle, Facundo Onraita, Federico Real, Jonathan Ca\u00f1ete, Juli\u00e1n Vitale y Wilson G\u00f3mez<\/strong>, son los chicos que desde este jueves trabajar\u00e1n en Pilar con la Primera. La idea es que participen de las pr\u00e1cticas de f\u00fatbol, ya que con los 22 jugadores convocados no alcanzaba. Estar\u00e1n hasta el s\u00e1bado, \u00faltimo d\u00eda del Rojo en Pilar.<\/p>\n<p><strong>A continuaci\u00f3n, LocoXelRojo te deja una breve descripci\u00f3n de cada uno de ellos:<\/strong><\/p>\n<p><strong>Sa\u00fal Nelle:<\/strong> Volante derecho de 21 a\u00f1os nacido en Catamarca. Tambi\u00e9n se desempe\u00f1a como volante central, buen manejo de la pelota.<\/p>\n<p><strong>Facundo Onraita:<\/strong> Marcador central de 21 a\u00f1os. Ya hizo pretemporada junto a la Primera. Buen f\u00edsico y gran porte. Durante mucho tiempo fue el capit\u00e1n de la Reserva.<\/p>\n<p><strong>Federico Real:<\/strong> Tiene 21 a\u00f1os, naci\u00f3 en Bella Vista, Buenos Aires. Lleg\u00f3 al club como volante derecho, pero en Inferiores comenz\u00f3 a jugar de lateral derecho. Un defensor con mucha t\u00e9cnica.<\/p>\n<p><strong>Jonathan Ca\u00f1ete:<\/strong> Es el m\u00e1s joven de los seis. Tiene apenas 18 a\u00f1os. Es correntino y durante muchos a\u00f1os se lo nombr\u00f3 como uno de los juveniles con m\u00e1s futuro. Su puesto es el de delantero, pero por su t\u00e9cnica y manejo de pelota muchas veces se desempe\u00f1\u00f3 como mediapunta, con mucho gol.<\/p>\n<p><strong>Juli\u00e1n Vitale:<\/strong> Es un volante central con buen manejo de pelota. Tiene 19 a\u00f1os y naci\u00f3 en Capital Federal. En el \u00faltimo tiempo, Gabriel Milito lo convirti\u00f3 en defensor central, por su f\u00edsico y para tener una salida limpia con pelota desde el fondo.<\/p>\n<p><strong>Wilson G\u00f3mez:<\/strong> Santafesino de 19 a\u00f1os. Su puesto es mediapunta, h\u00e1bil, r\u00e1pido y buen manejo de pelota.<\/p>\n","protected":false},"excerpt":{"rendered":"<p>Con el visto bueno del flamante entrenador de la Reserva Fernando Ber\u00f3n, Jorge Almir\u00f3n decidi\u00f3 subir a seis juveniles a la pretemporada de Primera en Pilar. Sa\u00fal Nelle, Facundo Onraita, Federico Real, Jonathan Ca\u00f1ete, Juli\u00e1n Vitale y Wilson G\u00f3mez, son los chicos que desde este jueves trabajar\u00e1n en Pilar con la Primera. La idea es [&hellip;]<\/p>\n","protected":false},"author":1,"featured_media":49673,"comment_status":"open","ping_status":"closed","sticky":false,"template":"","format":"standard","meta":{"_links_to":"","_links_to_target":""},"categories":[3,1],"tags":[1030,2707,2862,139,2724,2867,1905,2824,1319,708],"_links":{"self":[{"href":"https:\/\/www.locoxelrojo.com\/independiente\/wp-json\/wp\/v2\/posts\/49671"}],"collection":[{"href":"https:\/\/www.locoxelrojo.com\/independiente\/wp-json\/wp\/v2\/posts"}],"about":[{"href":"https:\/\/www.locoxelrojo.com\/independiente\/wp-json\/wp\/v2\/types\/post"}],"author":[{"embeddable":true,"href":"https:\/\/www.locoxelrojo.com\/independiente\/wp-json\/wp\/v2\/users\/1"}],"replies":[{"embeddable":true,"href":"https:\/\/www.locoxelrojo.com\/independiente\/wp-json\/wp\/v2\/comments?post=49671"}],"version-history":[{"count":0,"href":"https:\/\/www.locoxelrojo.com\/independiente\/wp-json\/wp\/v2\/posts\/49671\/revisions"}],"wp:featuredmedia":[{"embeddable":true,"href":"https:\/\/www.locoxelrojo.com\/independiente\/wp-json\/wp\/v2\/media\/49673"}],"wp:attachment":[{"href":"https:\/\/www.locoxelrojo.com\/independiente\/wp-json\/wp\/v2\/media?parent=49671"}],"wp:term":[{"taxonomy":"category","embeddable":true,"href":"https:\/\/www.locoxelrojo.com\/independiente\/wp-json\/wp\/v2\/categories?post=49671"},{"taxonomy":"post_tag","embeddable":true,"href":"https:\/\/www.locoxelrojo.com\/independiente\/wp-json\/wp\/v2\/tags?post=49671"}],"curies":[{"name":"wp","href":"https:\/\/api.w.org\/{rel}","templated":true}]}}