{"id":49741,"date":"2015-01-11T23:06:06","date_gmt":"2015-01-12T02:06:06","guid":{"rendered":"http:\/\/www.locoxelrojo.com\/independiente\/?p=49741"},"modified":"2015-01-11T23:06:06","modified_gmt":"2015-01-12T02:06:06","slug":"d-rodriguez-voy-a-hacer-todo-para-que-se-pueda-dar-lo-de-independiente","status":"publish","type":"post","link":"https:\/\/www.locoxelrojo.com\/independiente\/2015\/01\/11\/d-rodriguez-voy-a-hacer-todo-para-que-se-pueda-dar-lo-de-independiente\/","title":{"rendered":"D. Rodr\u00edguez: &#8220;Voy a hacer todo para que se pueda dar lo de Independiente&#8221;"},"content":{"rendered":"<p>Diego Rodr\u00edguez, volante central de Godoy Cruz, <strong>no tuvo problemas en expresar sus deseos de llegar a Independiente. &#8220;Mi deseo es jugar en Independiente, ser\u00eda un paso muy importante&#8221;, solt\u00f3. Adem\u00e1s, confes\u00f3 que ya habl\u00f3 con Jorge Almir\u00f3n.<\/strong><\/p>\n<p><strong style=\"color: #000000;\">&#8220;Mi deseo es jugar en Independiente, ser\u00eda un paso muy importante en mi carrera. De mi parte voy a hacer todo para que se pueda dar.\u00a0<strong>Ayer habl\u00e9 con mi representante y me dijo que es optimista en que se pueda concretar. Se comunicaron con \u00e9l<\/strong><\/strong><strong style=\"color: #000000;\">, seguramente ma\u00f1ana empezar\u00e1n las negociaciones. El inter\u00e9s es formal. Habl\u00e9 con el presidente de Godoy Cruz y le trasmit\u00ed mi deseo&#8221;,\u00a0<\/strong>manifest\u00f3 el uruguayo de 25 a\u00f1os en di\u00e1logo con Un Buen Domingo por La Red.<\/p>\n<p>Luego, entendi\u00f3 que para que se pueda concretar la trasnferencia, el Tomba deber\u00e1 tener una ganancia importante: <strong>&#8220;Yo<\/strong><strong style=\"color: #000000;\"> entiendo todas las partes, soy jugador de Godoy Cruz y para que se pueda dar mi salida, el club tiene que ganar. Esperemos que las negociaciones se destraben y puedan llegar a buen puerto para el bien de todos&#8221;.<\/strong><\/p>\n<p><span style=\"color: #000000;\">Por \u00faltimo, al ser consultado por Jorge Almir\u00f3n, Rodr\u00edguez lo elogi\u00f3 y admiti\u00f3 que ya tuvo contactos con \u00e9l. <strong>&#8220;S\u00e9 c\u00f3mo trabaja Jorge por el semestre que estuvo ac\u00e1, en el cual sent\u00ed que crec\u00ed mucho como jugador. Me agrada mucho la forma de trabajar.<\/strong>\u00a0<\/span><strong style=\"color: #000000;\">Habl\u00e9 en las \u00faltimas horas con \u00e9l y s\u00e9 que me pidi\u00f3. Me deja muy contento que se fijen en m\u00ed&#8221;,\u00a0<\/strong>concluy\u00f3.<\/p>\n","protected":false},"excerpt":{"rendered":"<p>Diego Rodr\u00edguez, volante central de Godoy Cruz, no tuvo problemas en expresar sus deseos de llegar a Independiente. &#8220;Mi deseo es jugar en Independiente, ser\u00eda un paso muy importante&#8221;, solt\u00f3. Adem\u00e1s, confes\u00f3 que ya habl\u00f3 con Jorge Almir\u00f3n. &#8220;Mi deseo es jugar en Independiente, ser\u00eda un paso muy importante en mi carrera. De mi parte [&hellip;]<\/p>\n","protected":false},"author":11,"featured_media":49742,"comment_status":"open","ping_status":"closed","sticky":false,"template":"","format":"standard","meta":{"_links_to":"","_links_to_target":""},"categories":[3,1],"tags":[153,181,571],"_links":{"self":[{"href":"https:\/\/www.locoxelrojo.com\/independiente\/wp-json\/wp\/v2\/posts\/49741"}],"collection":[{"href":"https:\/\/www.locoxelrojo.com\/independiente\/wp-json\/wp\/v2\/posts"}],"about":[{"href":"https:\/\/www.locoxelrojo.com\/independiente\/wp-json\/wp\/v2\/types\/post"}],"author":[{"embeddable":true,"href":"https:\/\/www.locoxelrojo.com\/independiente\/wp-json\/wp\/v2\/users\/11"}],"replies":[{"embeddable":true,"href":"https:\/\/www.locoxelrojo.com\/independiente\/wp-json\/wp\/v2\/comments?post=49741"}],"version-history":[{"count":0,"href":"https:\/\/www.locoxelrojo.com\/independiente\/wp-json\/wp\/v2\/posts\/49741\/revisions"}],"wp:featuredmedia":[{"embeddable":true,"href":"https:\/\/www.locoxelrojo.com\/independiente\/wp-json\/wp\/v2\/media\/49742"}],"wp:attachment":[{"href":"https:\/\/www.locoxelrojo.com\/independiente\/wp-json\/wp\/v2\/media?parent=49741"}],"wp:term":[{"taxonomy":"category","embeddable":true,"href":"https:\/\/www.locoxelrojo.com\/independiente\/wp-json\/wp\/v2\/categories?post=49741"},{"taxonomy":"post_tag","embeddable":true,"href":"https:\/\/www.locoxelrojo.com\/independiente\/wp-json\/wp\/v2\/tags?post=49741"}],"curies":[{"name":"wp","href":"https:\/\/api.w.org\/{rel}","templated":true}]}}