{"id":49750,"date":"2015-01-11T23:10:51","date_gmt":"2015-01-12T02:10:51","guid":{"rendered":"http:\/\/www.locoxelrojo.com\/independiente\/?p=49750"},"modified":"2015-01-12T07:03:23","modified_gmt":"2015-01-12T10:03:23","slug":"morel-rodriguez-insua-y-montenegro-le-dieron-mucho-al-club-y-se-tendrian-que-ir-bien","status":"publish","type":"post","link":"https:\/\/www.locoxelrojo.com\/independiente\/2015\/01\/11\/morel-rodriguez-insua-y-montenegro-le-dieron-mucho-al-club-y-se-tendrian-que-ir-bien\/","title":{"rendered":"Morel Rodr\u00edguez: \u201cIns\u00faa y Montenegro le dieron mucho al club y se tendr\u00edan que ir bien\u201d"},"content":{"rendered":"<p><strong>Claudio Morel Rodr\u00edguez<\/strong>, ex jugador de Independiente que particip\u00f3 del descenso y de la vuelta a Primera, <strong>habl\u00f3 de su paso por el club<\/strong> y de la dificultad de jugar en la segunda categor\u00eda. Asimismo,<strong> se tom\u00f3 un tiempo para opinar sobre la conflictiva salida de Federico Ins\u00faa y sobre la situaci\u00f3n de Daniel Montenegro<\/strong>, con quienes comparti\u00f3 plantel.<\/p>\n<p><strong>\u201cEl Pocho y el Rolfi son jugadores que le dieron mucho al club y me parece que, de irse, se tendr\u00edan que ir bien\u201d<\/strong>, consider\u00f3 el defensor en di\u00e1logo con Ascenso Sport. En la misma l\u00ednea, explic\u00f3 que<strong> \u201cel club tambi\u00e9n les dio mucho a ellos, pero es importante que se vayan por la puerta grande\u201d<\/strong>, pero aclar\u00f3: <strong>\u201cTambi\u00e9n hay que estar ah\u00ed adentro y convivir ah\u00ed para opinar un poquito m\u00e1s\u201d<\/strong>.<\/p>\n<p>A la hora de recordar la experiencia de jugar en la B Nacional, Morel remarc\u00f3 que<strong> \u201ces un torneo muy competitivo y muy duro donde hay que mantenerse fuerte\u201d<\/strong>, y confes\u00f3 que al Rojo le cost\u00f3 sobreponerse a esa presi\u00f3n: <strong>\u201cNosotros tambi\u00e9n lo sufrimos, a tal punto que tuvimos que ir a un partido final con Hurac\u00e1n. A Independiente todos los equipos le quer\u00edan ganar, se hizo muy complicado\u201d<\/strong>.<\/p>\n<p><strong>\u201cNos costaba asimilar el hecho de estar en la segunda divisi\u00f3n. Nos costaba mucho hacer el duelo de lo que hab\u00eda pasado y muchos equipos nos hicieron partido y nos complicaron bastante\u201d<\/strong>, manifest\u00f3 el lateral izquierdo, quien confes\u00f3 que prefiri\u00f3 quedarse en club despu\u00e9s del descenso para pelear la vuelta a Primera: <strong>\u201cA m\u00ed me gustan los desaf\u00edos y me toc\u00f3 vivir el tema del descenso, entonces quise quedarme en el club para lograr el ascenso\u201d<\/strong>.<\/p>\n<p>Finalmente, Morel no se guard\u00f3 los elogios para Omar De Felippe, el entrenador que comand\u00f3 a Independiente a volver a la m\u00e1xima categor\u00eda: <strong>\u201cPor c\u00f3mo agarro al equipo y c\u00f3mo respondi\u00f3 despu\u00e9s adentro de la cancha, yo pensaba que iba a seguir dirigiendo. Sabe llegarle al jugador con un mensaje claro, es directo y frontal, por eso le fue bien en distintos equipos\u201d<\/strong>, cerr\u00f3.<\/p>\n","protected":false},"excerpt":{"rendered":"<p>Claudio Morel Rodr\u00edguez, ex jugador de Independiente que particip\u00f3 del descenso y de la vuelta a Primera, habl\u00f3 de su paso por el club y de la dificultad de jugar en la segunda categor\u00eda. Asimismo, se tom\u00f3 un tiempo para opinar sobre la conflictiva salida de Federico Ins\u00faa y sobre la situaci\u00f3n de Daniel Montenegro, [&hellip;]<\/p>\n","protected":false},"author":8,"featured_media":49751,"comment_status":"open","ping_status":"closed","sticky":false,"template":"","format":"standard","meta":{"_links_to":"","_links_to_target":""},"categories":[3,1],"tags":[2330,1620,1859,701,2032],"_links":{"self":[{"href":"https:\/\/www.locoxelrojo.com\/independiente\/wp-json\/wp\/v2\/posts\/49750"}],"collection":[{"href":"https:\/\/www.locoxelrojo.com\/independiente\/wp-json\/wp\/v2\/posts"}],"about":[{"href":"https:\/\/www.locoxelrojo.com\/independiente\/wp-json\/wp\/v2\/types\/post"}],"author":[{"embeddable":true,"href":"https:\/\/www.locoxelrojo.com\/independiente\/wp-json\/wp\/v2\/users\/8"}],"replies":[{"embeddable":true,"href":"https:\/\/www.locoxelrojo.com\/independiente\/wp-json\/wp\/v2\/comments?post=49750"}],"version-history":[{"count":0,"href":"https:\/\/www.locoxelrojo.com\/independiente\/wp-json\/wp\/v2\/posts\/49750\/revisions"}],"wp:featuredmedia":[{"embeddable":true,"href":"https:\/\/www.locoxelrojo.com\/independiente\/wp-json\/wp\/v2\/media\/49751"}],"wp:attachment":[{"href":"https:\/\/www.locoxelrojo.com\/independiente\/wp-json\/wp\/v2\/media?parent=49750"}],"wp:term":[{"taxonomy":"category","embeddable":true,"href":"https:\/\/www.locoxelrojo.com\/independiente\/wp-json\/wp\/v2\/categories?post=49750"},{"taxonomy":"post_tag","embeddable":true,"href":"https:\/\/www.locoxelrojo.com\/independiente\/wp-json\/wp\/v2\/tags?post=49750"}],"curies":[{"name":"wp","href":"https:\/\/api.w.org\/{rel}","templated":true}]}}