{"id":49918,"date":"2015-01-20T12:06:35","date_gmt":"2015-01-20T15:06:35","guid":{"rendered":"http:\/\/www.locoxelrojo.com\/independiente\/?p=49918"},"modified":"2015-01-20T21:00:47","modified_gmt":"2015-01-21T00:00:47","slug":"cambios-en-la-estructura-de-divisiones-inferiores","status":"publish","type":"post","link":"https:\/\/www.locoxelrojo.com\/independiente\/2015\/01\/20\/cambios-en-la-estructura-de-divisiones-inferiores\/","title":{"rendered":"Cambios en la estructura de Divisiones Inferiores"},"content":{"rendered":"<p><strong>Con la llegada de Jorge Griffa como director general y la de Abel Alves como coordinador, hubo cambios en la estructura de las Divisiones Inferiores de Independiente.<\/strong><\/p>\n<p>Se puso en marcha el nuevo ciclo de las Divisiones Inferiores. La Comisi\u00f3n Directiva aval\u00f3 los cambios: varios entrenadores y ayudantes fueron reubicados, otros dejaron su cargo y tambi\u00e9n se sumaron nuevos entrenadores.<strong> Juan Cruz Anselmi estar\u00e1 al frente del departamento de educaci\u00f3n f\u00edsica y Miguel \u00c1ngel Santoro, como entrenador de arqueros. <\/strong><\/p>\n<p><strong>En Reserva, Fernando Ber\u00f3n ya trabaja hace varios d\u00edas con los chicos en la pretemporada en el predio de Villa Dom\u00ednico.<\/strong><strong> La Cuarta Divisi\u00f3n tendr\u00e1 al frente a Rodolfo Aquino<\/strong>, ex jugador de Col\u00f3n y tambi\u00e9n tuvo un corto paso como DT de la Reserva del Sabalero. <strong>En Quinta Divisi\u00f3n estar\u00e1 Ra\u00fal Wensel<\/strong>, hombre muy identificado con Banfield.<\/p>\n<p><strong>En Sexta Divisi\u00f3n qued\u00f3 Adri\u00e1n Del R\u00edo<\/strong>, quien tuvo un largo recorrido por varios clubes del Ascenso. <strong>En la S\u00e9ptima Divisi\u00f3n fue reubicado Ariel Wiktor<\/strong>, mientras que en la <strong>Octava Divisi\u00f3n fue bajado Pablo Goglino<\/strong>, quien hasta hace poco estaba al frente de la S\u00e9ptima. Para finalizar, <strong>Alejandro Fern\u00e1ndez baj\u00f3 de Octava a la Novena Divisi\u00f3n<\/strong>.<\/p>\n<p><strong>Ricardo Pavoni y Francisco S\u00e1 se sumaron al Departamento de Captaci\u00f3n<\/strong>. Aun no se saber cu\u00e1l ser\u00e1 el futuro del resto de los entrenadores que fueron dejados de lado, <strong>entre ellos se destaca Jos\u00e9 Percudani.<\/strong><\/p>\n","protected":false},"excerpt":{"rendered":"<p>Con la llegada de Jorge Griffa como director general y la de Abel Alves como coordinador, hubo cambios en la estructura de las Divisiones Inferiores de Independiente. Se puso en marcha el nuevo ciclo de las Divisiones Inferiores. La Comisi\u00f3n Directiva aval\u00f3 los cambios: varios entrenadores y ayudantes fueron reubicados, otros dejaron su cargo y [&hellip;]<\/p>\n","protected":false},"author":1,"featured_media":49919,"comment_status":"open","ping_status":"closed","sticky":false,"template":"","format":"standard","meta":{"_links_to":"","_links_to_target":""},"categories":[5,4,1],"tags":[2834,2877,2879,194,2862,2833,1214,1181,749,2878,2876,2875],"_links":{"self":[{"href":"https:\/\/www.locoxelrojo.com\/independiente\/wp-json\/wp\/v2\/posts\/49918"}],"collection":[{"href":"https:\/\/www.locoxelrojo.com\/independiente\/wp-json\/wp\/v2\/posts"}],"about":[{"href":"https:\/\/www.locoxelrojo.com\/independiente\/wp-json\/wp\/v2\/types\/post"}],"author":[{"embeddable":true,"href":"https:\/\/www.locoxelrojo.com\/independiente\/wp-json\/wp\/v2\/users\/1"}],"replies":[{"embeddable":true,"href":"https:\/\/www.locoxelrojo.com\/independiente\/wp-json\/wp\/v2\/comments?post=49918"}],"version-history":[{"count":0,"href":"https:\/\/www.locoxelrojo.com\/independiente\/wp-json\/wp\/v2\/posts\/49918\/revisions"}],"wp:featuredmedia":[{"embeddable":true,"href":"https:\/\/www.locoxelrojo.com\/independiente\/wp-json\/wp\/v2\/media\/49919"}],"wp:attachment":[{"href":"https:\/\/www.locoxelrojo.com\/independiente\/wp-json\/wp\/v2\/media?parent=49918"}],"wp:term":[{"taxonomy":"category","embeddable":true,"href":"https:\/\/www.locoxelrojo.com\/independiente\/wp-json\/wp\/v2\/categories?post=49918"},{"taxonomy":"post_tag","embeddable":true,"href":"https:\/\/www.locoxelrojo.com\/independiente\/wp-json\/wp\/v2\/tags?post=49918"}],"curies":[{"name":"wp","href":"https:\/\/api.w.org\/{rel}","templated":true}]}}