{"id":50001,"date":"2015-01-22T16:09:22","date_gmt":"2015-01-22T19:09:22","guid":{"rendered":"http:\/\/www.locoxelrojo.com\/independiente\/?p=50001"},"modified":"2015-01-22T21:32:46","modified_gmt":"2015-01-23T00:32:46","slug":"bellocq-mi-prioridad-es-seguir-en-independiente","status":"publish","type":"post","link":"https:\/\/www.locoxelrojo.com\/independiente\/2015\/01\/22\/bellocq-mi-prioridad-es-seguir-en-independiente\/","title":{"rendered":"Bellocq: &#8220;Mi prioridad es seguir en Independiente&#8221;"},"content":{"rendered":"<p><strong>Franco Bellocq cont\u00f3 que le llegaron ofertas para tener continuidad en otros clubes, pero que su prioridad es seguir en Independiente y pelear por un puesto en el equipo titular.<\/strong><\/p>\n<p><strong>&#8220;Estuvo la posibilidad de ir a Temperley. Lo tom\u00e9 muy bien, pero mi prioridad es seguir en Independiente&#8221;<\/strong>, expres\u00f3 el volante en di\u00e1logo con InfiernoRojo Radio. <strong>&#8220;No s\u00e9 nada de un inter\u00e9s de Pe\u00f1arol. Me estoy enterando ahora, escuchar\u00e9 todas las alternativas, pero mi prioridad est\u00e1 ac\u00e1&#8221;<\/strong>, reiter\u00f3.<\/p>\n<p><strong>&#8220;Me cost\u00f3 mucho llegar y por eso consider\u00e9 quedarme ac\u00e1. Trabajando d\u00eda a d\u00eda puedo volver a tener la chance&#8221;<\/strong>, manifest\u00f3. <strong>&#8220;M\u00e1s all\u00e1 de quien venga de refuerzo, conf\u00edo plenamente en mis condiciones. Amo a este club. Desde que llegu\u00e9 a los 13 a\u00f1os, me romp\u00ed el alma para estar ac\u00e1. No podr\u00eda dar un portazo ahora&#8221;<\/strong>, agreg\u00f3.<\/p>\n<p>Luego, se refiri\u00f3 a su trato con Jorge Almir\u00f3n: <strong>&#8220;Haciendo un an\u00e1lisis profundo, me tuvo en cuenta en todos los partidos. Palpo una buena relaci\u00f3n en el d\u00eda a d\u00eda, no hizo falta que me acerque a \u00e9l para saber si me iba a tener en cuenta o no&#8221;<\/strong>. Para finalizar, a\u00f1adi\u00f3: <strong>&#8220;Al t\u00e9cnico hay que bancarlo por el trabajo que hace diariamente. Hay que respaldarlo dentro de la cancha&#8221;<\/strong>.<\/p>\n","protected":false},"excerpt":{"rendered":"<p>Franco Bellocq cont\u00f3 que le llegaron ofertas para tener continuidad en otros clubes, pero que su prioridad es seguir en Independiente y pelear por un puesto en el equipo titular. &#8220;Estuvo la posibilidad de ir a Temperley. Lo tom\u00e9 muy bien, pero mi prioridad es seguir en Independiente&#8221;, expres\u00f3 el volante en di\u00e1logo con InfiernoRojo [&hellip;]<\/p>\n","protected":false},"author":1,"featured_media":50002,"comment_status":"open","ping_status":"closed","sticky":false,"template":"","format":"standard","meta":{"_links_to":"","_links_to_target":""},"categories":[3,1],"tags":[2232],"_links":{"self":[{"href":"https:\/\/www.locoxelrojo.com\/independiente\/wp-json\/wp\/v2\/posts\/50001"}],"collection":[{"href":"https:\/\/www.locoxelrojo.com\/independiente\/wp-json\/wp\/v2\/posts"}],"about":[{"href":"https:\/\/www.locoxelrojo.com\/independiente\/wp-json\/wp\/v2\/types\/post"}],"author":[{"embeddable":true,"href":"https:\/\/www.locoxelrojo.com\/independiente\/wp-json\/wp\/v2\/users\/1"}],"replies":[{"embeddable":true,"href":"https:\/\/www.locoxelrojo.com\/independiente\/wp-json\/wp\/v2\/comments?post=50001"}],"version-history":[{"count":0,"href":"https:\/\/www.locoxelrojo.com\/independiente\/wp-json\/wp\/v2\/posts\/50001\/revisions"}],"wp:featuredmedia":[{"embeddable":true,"href":"https:\/\/www.locoxelrojo.com\/independiente\/wp-json\/wp\/v2\/media\/50002"}],"wp:attachment":[{"href":"https:\/\/www.locoxelrojo.com\/independiente\/wp-json\/wp\/v2\/media?parent=50001"}],"wp:term":[{"taxonomy":"category","embeddable":true,"href":"https:\/\/www.locoxelrojo.com\/independiente\/wp-json\/wp\/v2\/categories?post=50001"},{"taxonomy":"post_tag","embeddable":true,"href":"https:\/\/www.locoxelrojo.com\/independiente\/wp-json\/wp\/v2\/tags?post=50001"}],"curies":[{"name":"wp","href":"https:\/\/api.w.org\/{rel}","templated":true}]}}