{"id":502,"date":"2010-08-30T17:36:35","date_gmt":"2010-08-30T20:36:35","guid":{"rendered":"http:\/\/www.locoxelrojo.com.ar\/independiente\/?p=502"},"modified":"2010-08-30T17:45:52","modified_gmt":"2010-08-30T20:45:52","slug":"a-ponerse-a-la-cola","status":"publish","type":"post","link":"https:\/\/www.locoxelrojo.com\/independiente\/2010\/08\/30\/a-ponerse-a-la-cola\/","title":{"rendered":"A ponerse a la cola (Columna de Opini\u00f3n)"},"content":{"rendered":"<p><a href=\"http:\/\/www.locoxelrojo.com.ar\/independiente\/wp-content\/uploads\/2010\/08\/columnastocikarsenal.jpg\"><img loading=\"lazy\" class=\"alignnone size-full wp-image-503\" title=\"columnastocikarsenal\" src=\"http:\/\/www.locoxelrojo.com.ar\/independiente\/wp-content\/uploads\/2010\/08\/columnastocikarsenal.jpg\" alt=\"\" width=\"550\" height=\"315\" srcset=\"https:\/\/locoxelrojo.com\/independiente\/wp-content\/uploads\/2010\/08\/columnastocikarsenal.jpg 550w, https:\/\/locoxelrojo.com\/independiente\/wp-content\/uploads\/2010\/08\/columnastocikarsenal-300x171.jpg 300w\" sizes=\"(max-width: 550px) 100vw, 550px\" \/><\/a><\/p>\n<p>El diario no miente. Independiente est\u00e1 \u00faltimo. Pero no solamente en lo deportivo, est\u00e1 \u00faltimo en un mont\u00f3n de cosas y si el Rojo se encuentra en esa posici\u00f3n no fue pura y exclusivamente por Daniel Garnero y el mal desempe\u00f1o de los jugadores. Hay que mirar hacia arriba para encontrar responsables y fue lo que ayer hizo la gente. Ojo que el Barcelona esper\u00f3 tres fechas por Guardiola se escuch\u00f3 por ah\u00ed y la verdad es que ahora hay que seguir esperando, pero por un milagro para que este plantel devaluado consiga dar vuelta la historia. El mismo milagro esperar\u00e1 el Dani, otro \u00eddolo que est\u00e1 a punto de ser incinerado por ser parte de un proyecto que nunca tuvo bien en claro a qu\u00e9\u00a0apuntaba.<\/p>\n<p>El Rojo ten\u00eda a Gallego, boc\u00f3n y demorador de cambios, pero sab\u00eda lo que pretend\u00eda y sab\u00eda cu\u00e1ndo el equipo estaba para pelear y cuando no. Cuando su trabajo era imposible de realizar, de ejemplo hay que tomar su llegada que apag\u00f3 un incendio y se comi\u00f3 varias goleadas, y cuando pod\u00eda pelear un t\u00edtulo, en ese momento que la dirigencia rompi\u00f3 el chancho y le arm\u00f3 un plantel competitivo. Garnero no tiene la dimensi\u00f3n de todo esto y si la tuvo no supo decir no a tiempo, no supo imponerse y si su cabeza termina rodando antes\u00a0que alg\u00fan cigarrillo o frasquito de gel lo tendr\u00e1 bien merecido.<\/p>\n<p>El Rojo sac\u00f3 un n\u00famero al inicio de temporada y con la ida de varios jugadores y un gran t\u00e9cnico se puso a la cola en lo futbol\u00edstico. Las malas decisiones de los responsables del club escuchando a experimentados consejeros tambi\u00e9n hicieron que se tomara otro n\u00famero para aguardar en el fondo de la fila en lo dirigencial. En lo econ\u00f3mico hace bastante que Independiente est\u00e1 en la cola y solo resta aguardar el nuevo balance para darse cuenta. Depender\u00e1 del socio entonces, ponerse primero en la hilera para votar con conciencia y producir un cambio, porque Julio Comparada fue reelecto con una mayor\u00eda absoluta y de eso hay que hacerse cargo.<\/p>\n","protected":false},"excerpt":{"rendered":"<p>El diario no miente. Independiente est\u00e1 \u00faltimo. Pero no solamente en lo deportivo, est\u00e1 \u00faltimo en un mont\u00f3n de cosas y si el Rojo se encuentra en esa posici\u00f3n no fue pura y exclusivamente por Daniel Garnero y el mal desempe\u00f1o de los jugadores. Hay que mirar hacia arriba para encontrar responsables y fue lo [&hellip;]<\/p>\n","protected":false},"author":1,"featured_media":0,"comment_status":"open","ping_status":"open","sticky":false,"template":"","format":"standard","meta":{"_links_to":"","_links_to_target":""},"categories":[1],"tags":[30,33,13,35],"_links":{"self":[{"href":"https:\/\/www.locoxelrojo.com\/independiente\/wp-json\/wp\/v2\/posts\/502"}],"collection":[{"href":"https:\/\/www.locoxelrojo.com\/independiente\/wp-json\/wp\/v2\/posts"}],"about":[{"href":"https:\/\/www.locoxelrojo.com\/independiente\/wp-json\/wp\/v2\/types\/post"}],"author":[{"embeddable":true,"href":"https:\/\/www.locoxelrojo.com\/independiente\/wp-json\/wp\/v2\/users\/1"}],"replies":[{"embeddable":true,"href":"https:\/\/www.locoxelrojo.com\/independiente\/wp-json\/wp\/v2\/comments?post=502"}],"version-history":[{"count":0,"href":"https:\/\/www.locoxelrojo.com\/independiente\/wp-json\/wp\/v2\/posts\/502\/revisions"}],"wp:attachment":[{"href":"https:\/\/www.locoxelrojo.com\/independiente\/wp-json\/wp\/v2\/media?parent=502"}],"wp:term":[{"taxonomy":"category","embeddable":true,"href":"https:\/\/www.locoxelrojo.com\/independiente\/wp-json\/wp\/v2\/categories?post=502"},{"taxonomy":"post_tag","embeddable":true,"href":"https:\/\/www.locoxelrojo.com\/independiente\/wp-json\/wp\/v2\/tags?post=502"}],"curies":[{"name":"wp","href":"https:\/\/api.w.org\/{rel}","templated":true}]}}