{"id":50289,"date":"2015-02-09T15:31:02","date_gmt":"2015-02-09T18:31:02","guid":{"rendered":"http:\/\/www.locoxelrojo.com\/independiente\/?p=50289"},"modified":"2015-02-09T15:31:02","modified_gmt":"2015-02-09T18:31:02","slug":"nakis-donde-haga-falta-ire-a-trabajar","status":"publish","type":"post","link":"https:\/\/www.locoxelrojo.com\/independiente\/2015\/02\/09\/nakis-donde-haga-falta-ire-a-trabajar\/","title":{"rendered":"Nakis: &#8220;Donde haga falta, ir\u00e9 a trabajar&#8221;"},"content":{"rendered":"<p><strong>Noray Nakis habl\u00f3 con esta ma\u00f1ana al regresar de sus vacaciones y opin\u00f3 sobre varias cuestiones institucionales y futbol\u00edsticas.<\/strong><\/p>\n<p>Desde hace pocos d\u00edas, Pablo Moyano fue designado como nuevo presidente del F\u00fatbol Amateur, cargo que ocupaba anteriormente Nakis. Al ser consultado sobre esta modificaci\u00f3n, dijo: <strong>&#8220;He hablado con Pablo antes de irme, me gust\u00f3 su entusiasmo y sus ganas para sumarse al F\u00fatbol Amateur. A mi no me gusta estar detr\u00e1s de un escritorio, donde haga falta ir\u00e9 a trabajar. Hoy llegu\u00e9 temprano, estuve con los juveniles, con los profesionales, despu\u00e9s me voy para la sede. Todos tenemos que trabajar\u201d<\/strong>.<\/p>\n<p>Tambi\u00e9n, evit\u00f3 referirse a la situaci\u00f3n de Daniel Montenegro. <strong>&#8220;A Rolfi lo conozco hace mucho, le tengo un afecto especial. Quiero ser respetuoso con \u00e9l y con el club. Prefiero no emitir opini\u00f3n y ojal\u00e1 se solucione lo m\u00e1s r\u00e1pido posible&#8221;<\/strong>, expres\u00f3 en los micr\u00f3fonos de InfiernoRojo Radio.<\/p>\n<p><strong>\u201cMe sorprendieron las ganas de Valencia, est\u00e1 con unas ganas terribles. Puede ser importante para el grupo\u201d<\/strong>, manifest\u00f3 sobre c\u00f3mo encontr\u00f3 al grupo tras su regreso. Para finalizar, dej\u00f3 un marco de dudas a la probable contrataci\u00f3n de Mauricio Victorino: <strong>&#8220;No es nuevo, hace casi dos meses que estamos trabajando, recavando informaci\u00f3n. Ha jugado pocos partidos y necesitamos traer jugadores que jueguen. Lo decidir\u00e1n los dirigentes que negocian&#8221;<\/strong>.<\/p>\n","protected":false},"excerpt":{"rendered":"<p>Noray Nakis habl\u00f3 con esta ma\u00f1ana al regresar de sus vacaciones y opin\u00f3 sobre varias cuestiones institucionales y futbol\u00edsticas. Desde hace pocos d\u00edas, Pablo Moyano fue designado como nuevo presidente del F\u00fatbol Amateur, cargo que ocupaba anteriormente Nakis. Al ser consultado sobre esta modificaci\u00f3n, dijo: &#8220;He hablado con Pablo antes de irme, me gust\u00f3 su [&hellip;]<\/p>\n","protected":false},"author":1,"featured_media":50290,"comment_status":"open","ping_status":"closed","sticky":false,"template":"","format":"standard","meta":{"_links_to":"","_links_to_target":""},"categories":[3,4,1],"tags":[50],"_links":{"self":[{"href":"https:\/\/www.locoxelrojo.com\/independiente\/wp-json\/wp\/v2\/posts\/50289"}],"collection":[{"href":"https:\/\/www.locoxelrojo.com\/independiente\/wp-json\/wp\/v2\/posts"}],"about":[{"href":"https:\/\/www.locoxelrojo.com\/independiente\/wp-json\/wp\/v2\/types\/post"}],"author":[{"embeddable":true,"href":"https:\/\/www.locoxelrojo.com\/independiente\/wp-json\/wp\/v2\/users\/1"}],"replies":[{"embeddable":true,"href":"https:\/\/www.locoxelrojo.com\/independiente\/wp-json\/wp\/v2\/comments?post=50289"}],"version-history":[{"count":0,"href":"https:\/\/www.locoxelrojo.com\/independiente\/wp-json\/wp\/v2\/posts\/50289\/revisions"}],"wp:featuredmedia":[{"embeddable":true,"href":"https:\/\/www.locoxelrojo.com\/independiente\/wp-json\/wp\/v2\/media\/50290"}],"wp:attachment":[{"href":"https:\/\/www.locoxelrojo.com\/independiente\/wp-json\/wp\/v2\/media?parent=50289"}],"wp:term":[{"taxonomy":"category","embeddable":true,"href":"https:\/\/www.locoxelrojo.com\/independiente\/wp-json\/wp\/v2\/categories?post=50289"},{"taxonomy":"post_tag","embeddable":true,"href":"https:\/\/www.locoxelrojo.com\/independiente\/wp-json\/wp\/v2\/tags?post=50289"}],"curies":[{"name":"wp","href":"https:\/\/api.w.org\/{rel}","templated":true}]}}