{"id":50292,"date":"2015-02-09T16:26:18","date_gmt":"2015-02-09T19:26:18","guid":{"rendered":"http:\/\/www.locoxelrojo.com\/independiente\/?p=50292"},"modified":"2015-02-09T16:26:18","modified_gmt":"2015-02-09T19:26:18","slug":"montenegro-hace-20-dias-que-nadie-habla-conmigo-pero-voy-a-seguir-y-pelearla","status":"publish","type":"post","link":"https:\/\/www.locoxelrojo.com\/independiente\/2015\/02\/09\/montenegro-hace-20-dias-que-nadie-habla-conmigo-pero-voy-a-seguir-y-pelearla\/","title":{"rendered":"Montenegro: &#8220;Hace 20 d\u00edas que nadie habla conmigo, pero voy a seguir y pelearla&#8221;"},"content":{"rendered":"<p><strong>Daniel Montenegro rompi\u00f3 el silencio luego de ser marginado del plantel profesional de Independiente. Se mostr\u00f3 agradecido por el cari\u00f1o del hincha y el trato que recibi\u00f3 estos d\u00edas que estuvo trabajando en la Reserva. Aclar\u00f3 que tiene intenciones de pelear para continuar en el club y reflej\u00f3 su molestia con el entrenador y los dirigentes.<\/strong><\/p>\n<p>Montenegro est\u00e1 actualmente marginado del plantel profesional, no juega, pero aprovech\u00f3 para romper el silencio con un ra\u00edd medi\u00e1tico por Radio La Red y TyC Sports. <strong>&#8220;Estoy tranquilo, trabajando con el plantel de Reserva y agradecido por el trato que recibo de los jugadores, cuerpo t\u00e9cnico, utileros y el delegado. Esto es f\u00fatbol, uno sabe que esto puede pasar y son decisiones que se tomaron&#8221;<\/strong>, dijo el Rolfi. <strong>&#8220;Para m\u00ed la decisi\u00f3n de Almir\u00f3n fue una sorpresa. Uno se la ve venir cuando no jug\u00e1s o no particip\u00e1s. En el \u00faltimo torneo estuve en 18 de 19 partidos, no te podes imaginar nunca eso. El que no jugu\u00e9 fue porque tuve 5 amarillas&#8221;<\/strong>, agreg\u00f3.<\/p>\n<p>Luego, aprovech\u00f3 para explicar cu\u00e1l es su enojo: <strong>&#8220;Mi preocupaci\u00f3n y malestar es como se manejo todo. Uno puede tener gustos, que los entiendo, pero yo viv\u00ed y di muchas cosas ac\u00e1. Soy frontal y valoro la sinceridad. Hace meses me pidieron bajar el sueldo y le di para adelante por el bien del club. Pero de esto me enter\u00e9 por diarios o rumores, ya tenia todo planeado mi futuro y no es agradable enterarse de esta manera. No se portaron bien y en las charlas que tuve ellos lo entendieron. Hace 20 d\u00edas que nadie se comunica conmigo y tengo que leer y escuchar que las negociaciones avanzan y muchas cosas m\u00e1s que no son ciertas. Entonces no tienen ganas de solucionar nada&#8221;<\/strong>.<\/p>\n<p><strong>&#8220;El club me dio mucho y yo tambi\u00e9n a \u00e9l. Yo sigo entrenando y lo voy a hacer hasta que me digan basta. Si creo que no hay vuelta atr\u00e1s, le doy la mano y me voy. Si me dan la m\u00ednima chance para pelearla, la voy a hacer. Soy jugador del club hasta Diciembre y no me quiero. No discut\u00ed con Almir\u00f3n y nunca le dije nada, ni siquiera cuando me sacaron la cinta de capit\u00e1n. No soy demostrativo, pero por dentro me muero por jugar siempre&#8221;<\/strong>, a\u00f1adi\u00f3.<\/p>\n<p>Para finalizar, agradeci\u00f3 el apoyo del hincha. <strong>&#8220;El term\u00f3metro de la gente refleja todo lo que yo hice en el f\u00fatbol e Independiente. La gente me lo agradece y la gratitud que tengo con los hinchas es enorme. El fin de semana con Racing estuve en Mar del Plata, pero despu\u00e9s de ver el l\u00edo que hubo con River, prefer\u00ed verlo en mi casa tranquilo y viaje a Buenos Aires a las 5 de la tarde para llegar a ver el partido por TV. Todav\u00eda no me fui, pero el d\u00eda que pase eso, me voy a ir por la puerta de atr\u00e1s por un tema extrafutbol\u00edstico, por los dirigentes o el entrenador. Con la gente me voy a ir por la puerta grande. El cari\u00f1o del hincha es lo m\u00e1s lindo que me pas\u00f3 y tambi\u00e9n es importante el apoyo que recibo de mis compa\u00f1eros&#8221;<\/strong>, cerr\u00f3.<\/p>\n","protected":false},"excerpt":{"rendered":"<p>Daniel Montenegro rompi\u00f3 el silencio luego de ser marginado del plantel profesional de Independiente. Se mostr\u00f3 agradecido por el cari\u00f1o del hincha y el trato que recibi\u00f3 estos d\u00edas que estuvo trabajando en la Reserva. Aclar\u00f3 que tiene intenciones de pelear para continuar en el club y reflej\u00f3 su molestia con el entrenador y los [&hellip;]<\/p>\n","protected":false},"author":1,"featured_media":50293,"comment_status":"open","ping_status":"closed","sticky":false,"template":"","format":"standard","meta":{"_links_to":"","_links_to_target":""},"categories":[3,1],"tags":[1859],"_links":{"self":[{"href":"https:\/\/www.locoxelrojo.com\/independiente\/wp-json\/wp\/v2\/posts\/50292"}],"collection":[{"href":"https:\/\/www.locoxelrojo.com\/independiente\/wp-json\/wp\/v2\/posts"}],"about":[{"href":"https:\/\/www.locoxelrojo.com\/independiente\/wp-json\/wp\/v2\/types\/post"}],"author":[{"embeddable":true,"href":"https:\/\/www.locoxelrojo.com\/independiente\/wp-json\/wp\/v2\/users\/1"}],"replies":[{"embeddable":true,"href":"https:\/\/www.locoxelrojo.com\/independiente\/wp-json\/wp\/v2\/comments?post=50292"}],"version-history":[{"count":0,"href":"https:\/\/www.locoxelrojo.com\/independiente\/wp-json\/wp\/v2\/posts\/50292\/revisions"}],"wp:featuredmedia":[{"embeddable":true,"href":"https:\/\/www.locoxelrojo.com\/independiente\/wp-json\/wp\/v2\/media\/50293"}],"wp:attachment":[{"href":"https:\/\/www.locoxelrojo.com\/independiente\/wp-json\/wp\/v2\/media?parent=50292"}],"wp:term":[{"taxonomy":"category","embeddable":true,"href":"https:\/\/www.locoxelrojo.com\/independiente\/wp-json\/wp\/v2\/categories?post=50292"},{"taxonomy":"post_tag","embeddable":true,"href":"https:\/\/www.locoxelrojo.com\/independiente\/wp-json\/wp\/v2\/tags?post=50292"}],"curies":[{"name":"wp","href":"https:\/\/api.w.org\/{rel}","templated":true}]}}