{"id":50299,"date":"2015-02-09T19:15:20","date_gmt":"2015-02-09T22:15:20","guid":{"rendered":"http:\/\/www.locoxelrojo.com\/independiente\/?p=50299"},"modified":"2015-02-09T19:50:46","modified_gmt":"2015-02-09T22:50:46","slug":"graciani-es-un-gran-paso-para-mi-me-sorprendio-mucho","status":"publish","type":"post","link":"https:\/\/www.locoxelrojo.com\/independiente\/2015\/02\/09\/graciani-es-un-gran-paso-para-mi-me-sorprendio-mucho\/","title":{"rendered":"Graciani: \u201cEs un gran paso para m\u00ed, me sorprendi\u00f3 mucho\u201d"},"content":{"rendered":"<p><strong>Gabriel Graciani habl\u00f3 por primera vez como jugador de Independiente<\/strong>. El volante se mostr\u00f3 feliz por sumarse al equipo de Jorge Almir\u00f3n y se esperanz\u00f3 con hacer un buen campeonato.<\/p>\n<p><strong>\u201cEs un gran paso para m\u00ed. Estoy muy contento y tengo que aprovecharlo\u201d<\/strong>, expres\u00f3 el ex Estudiantes y Col\u00f3n en di\u00e1logo con TyC Sports, y agreg\u00f3: <strong>\u201cMe sorprendi\u00f3 mucho, pero todav\u00eda hay t\u00e9cnicos que me han visto y gracias a Dios lo poco que hice en Estudiantes y lo que hice en Col\u00f3n tiene sus frutos todav\u00eda. Ojal\u00e1 pueda demostrarlo\u201d<\/strong>.<\/p>\n<p>Por otro lado, Graciani cont\u00f3 que en este receso se puso a punto f\u00edsicamente y se entusiasm\u00f3 con sumarse a los trabajos con el plantel en Villa Dom\u00ednico. <strong>\u201cHice una linda pretemporada, no afloj\u00e9 y me prepar\u00e9 para estar bien. F\u00edsicamente creo que estoy bien y ojal\u00e1 pueda incorporarme ma\u00f1ana con los nuevos compa\u00f1eros y ya afianzarme bien al grupo\u201d<\/strong>, manifest\u00f3.<\/p>\n<p>Finalmente, el sexto refuerzo oficial de Independiente dese\u00f3 realizar una buena campa\u00f1a en el torneo de 30 equipos.<strong> \u201cEstuve viendo y hay un buen plantel, ojal\u00e1 tengamos un buen campeonato particularmente y grupalmente y as\u00ed se pueda llegar a grandes cosas\u201d<\/strong>, cerr\u00f3.<\/p>\n","protected":false},"excerpt":{"rendered":"<p>Gabriel Graciani habl\u00f3 por primera vez como jugador de Independiente. El volante se mostr\u00f3 feliz por sumarse al equipo de Jorge Almir\u00f3n y se esperanz\u00f3 con hacer un buen campeonato. \u201cEs un gran paso para m\u00ed. Estoy muy contento y tengo que aprovecharlo\u201d, expres\u00f3 el ex Estudiantes y Col\u00f3n en di\u00e1logo con TyC Sports, y [&hellip;]<\/p>\n","protected":false},"author":8,"featured_media":50304,"comment_status":"open","ping_status":"closed","sticky":false,"template":"","format":"standard","meta":{"_links_to":"","_links_to_target":""},"categories":[3,1],"tags":[153,2890],"_links":{"self":[{"href":"https:\/\/www.locoxelrojo.com\/independiente\/wp-json\/wp\/v2\/posts\/50299"}],"collection":[{"href":"https:\/\/www.locoxelrojo.com\/independiente\/wp-json\/wp\/v2\/posts"}],"about":[{"href":"https:\/\/www.locoxelrojo.com\/independiente\/wp-json\/wp\/v2\/types\/post"}],"author":[{"embeddable":true,"href":"https:\/\/www.locoxelrojo.com\/independiente\/wp-json\/wp\/v2\/users\/8"}],"replies":[{"embeddable":true,"href":"https:\/\/www.locoxelrojo.com\/independiente\/wp-json\/wp\/v2\/comments?post=50299"}],"version-history":[{"count":0,"href":"https:\/\/www.locoxelrojo.com\/independiente\/wp-json\/wp\/v2\/posts\/50299\/revisions"}],"wp:featuredmedia":[{"embeddable":true,"href":"https:\/\/www.locoxelrojo.com\/independiente\/wp-json\/wp\/v2\/media\/50304"}],"wp:attachment":[{"href":"https:\/\/www.locoxelrojo.com\/independiente\/wp-json\/wp\/v2\/media?parent=50299"}],"wp:term":[{"taxonomy":"category","embeddable":true,"href":"https:\/\/www.locoxelrojo.com\/independiente\/wp-json\/wp\/v2\/categories?post=50299"},{"taxonomy":"post_tag","embeddable":true,"href":"https:\/\/www.locoxelrojo.com\/independiente\/wp-json\/wp\/v2\/tags?post=50299"}],"curies":[{"name":"wp","href":"https:\/\/api.w.org\/{rel}","templated":true}]}}