{"id":5069,"date":"2011-02-22T06:06:39","date_gmt":"2011-02-22T08:06:39","guid":{"rendered":"http:\/\/www.locoxelrojo.com.ar\/independiente\/?p=5069"},"modified":"2015-09-09T20:07:29","modified_gmt":"2015-09-09T23:07:29","slug":"sergio-vittor-las-ganas-y-los-huevos-no-se-negocian","status":"publish","type":"post","link":"https:\/\/www.locoxelrojo.com\/independiente\/2011\/02\/22\/sergio-vittor-las-ganas-y-los-huevos-no-se-negocian\/","title":{"rendered":"Vittor: &#8220;Las ganas y los huevos no se negocian&#8221;"},"content":{"rendered":"<p><a href=\"http:\/\/www.locoxelrojo.com.ar\/independiente\/wp-content\/uploads\/2011\/02\/vittor.jpg\"><img loading=\"lazy\" class=\"alignnone size-full wp-image-5070\" title=\"vittor\" src=\"http:\/\/www.locoxelrojo.com.ar\/independiente\/wp-content\/uploads\/2011\/02\/vittor.jpg\" alt=\"\" width=\"590\" height=\"315\" srcset=\"https:\/\/locoxelrojo.com\/independiente\/wp-content\/uploads\/2011\/02\/vittor.jpg 590w, https:\/\/locoxelrojo.com\/independiente\/wp-content\/uploads\/2011\/02\/vittor-300x160.jpg 300w\" sizes=\"(max-width: 590px) 100vw, 590px\" \/><\/a><\/p>\n<p>Sergio Vittor volvi\u00f3 a Independiente luego de su paso por el Zilina de Eslovaquia, en donde estuvo a pr\u00e9stamo en los \u00faltimos seis meses. El volante central dialog\u00f3 con el programa partidario <strong>Infierno Encantador<\/strong> sobre su actualidad en el club.<\/p>\n<p>Cont\u00f3 entre otras cosas que est\u00e1 entusiasmado con la oportunidad de poder obtener el cuarto cupo de los refuerzos. <strong>\u201cHasta \u00faltimo momento rechace ofertas porque ten\u00eda la esperanza y el presentimiento de que el cuarto puesto era m\u00edo\u201d.<\/strong><\/p>\n<p>Mostr\u00f3 sus ganas de jugar en el club y poder quedarse a pelear un lugar.<strong> \u201cLas ganas y los huevos no se negocian\u201d<\/strong>, dijo el Chino y manifest\u00f3 que <strong>\u201clo \u00fanico que quiero es ocupar el lugar. Una vez que consiga el cupo las cosas van a depender de m\u00ed\u201d<\/strong>.<\/p>\n<p><strong>Escucha el audio completo:<\/strong><\/p>\n<p><object width=\"353\" height=\"132\" classid=\"clsid:d27cdb6e-ae6d-11cf-96b8-444553540000\" codebase=\"http:\/\/download.macromedia.com\/pub\/shockwave\/cabs\/flash\/swflash.cab#version=6,0,40,0\"><param name=\"src\" value=\"http:\/\/www.goear.com\/files\/external.swf?file=57a16e8\" \/><param name=\"wmode\" value=\"transparent\" \/><param name=\"quality\" value=\"high\" \/><embed type=\"application\/x-shockwave-flash\" width=\"353\" height=\"132\" src=\"http:\/\/www.goear.com\/files\/external.swf?file=57a16e8\" quality=\"high\" wmode=\"transparent\"><\/embed><\/object><\/p>\n","protected":false},"excerpt":{"rendered":"<p>Sergio Vittor volvi\u00f3 a Independiente luego de su paso por el Zilina de Eslovaquia, en donde estuvo a pr\u00e9stamo en los \u00faltimos seis meses. El volante central dialog\u00f3 con el programa partidario Infierno Encantador sobre su actualidad en el club. Cont\u00f3 entre otras cosas que est\u00e1 entusiasmado con la oportunidad de poder obtener el cuarto [&hellip;]<\/p>\n","protected":false},"author":1,"featured_media":0,"comment_status":"open","ping_status":"open","sticky":false,"template":"","format":"standard","meta":{"_links_to":"","_links_to_target":""},"categories":[3,1],"tags":[153,458],"_links":{"self":[{"href":"https:\/\/www.locoxelrojo.com\/independiente\/wp-json\/wp\/v2\/posts\/5069"}],"collection":[{"href":"https:\/\/www.locoxelrojo.com\/independiente\/wp-json\/wp\/v2\/posts"}],"about":[{"href":"https:\/\/www.locoxelrojo.com\/independiente\/wp-json\/wp\/v2\/types\/post"}],"author":[{"embeddable":true,"href":"https:\/\/www.locoxelrojo.com\/independiente\/wp-json\/wp\/v2\/users\/1"}],"replies":[{"embeddable":true,"href":"https:\/\/www.locoxelrojo.com\/independiente\/wp-json\/wp\/v2\/comments?post=5069"}],"version-history":[{"count":0,"href":"https:\/\/www.locoxelrojo.com\/independiente\/wp-json\/wp\/v2\/posts\/5069\/revisions"}],"wp:attachment":[{"href":"https:\/\/www.locoxelrojo.com\/independiente\/wp-json\/wp\/v2\/media?parent=5069"}],"wp:term":[{"taxonomy":"category","embeddable":true,"href":"https:\/\/www.locoxelrojo.com\/independiente\/wp-json\/wp\/v2\/categories?post=5069"},{"taxonomy":"post_tag","embeddable":true,"href":"https:\/\/www.locoxelrojo.com\/independiente\/wp-json\/wp\/v2\/tags?post=5069"}],"curies":[{"name":"wp","href":"https:\/\/api.w.org\/{rel}","templated":true}]}}