{"id":5072,"date":"2011-02-22T15:06:30","date_gmt":"2011-02-22T17:06:30","guid":{"rendered":"http:\/\/www.locoxelrojo.com.ar\/independiente\/?p=5072"},"modified":"2015-09-09T20:09:01","modified_gmt":"2015-09-09T23:09:01","slug":"%c2%bfla-copa-en-2do-plano","status":"publish","type":"post","link":"https:\/\/www.locoxelrojo.com\/independiente\/2011\/02\/22\/%c2%bfla-copa-en-2do-plano\/","title":{"rendered":"\u00bfLibertadores en segundo plano?"},"content":{"rendered":"<p><a href=\"http:\/\/www.locoxelrojo.com.ar\/independiente\/wp-content\/uploads\/2011\/02\/entrenamiento3.jpg\"><img loading=\"lazy\" class=\"alignnone size-full wp-image-5073\" title=\"entrenamiento\" src=\"http:\/\/www.locoxelrojo.com.ar\/independiente\/wp-content\/uploads\/2011\/02\/entrenamiento3.jpg\" alt=\"\" width=\"590\" height=\"315\" srcset=\"https:\/\/locoxelrojo.com\/independiente\/wp-content\/uploads\/2011\/02\/entrenamiento3.jpg 590w, https:\/\/locoxelrojo.com\/independiente\/wp-content\/uploads\/2011\/02\/entrenamiento3-300x160.jpg 300w\" sizes=\"(max-width: 590px) 100vw, 590px\" \/><\/a><\/p>\n<p>Independiente arranca la Libertadores sin lo que era hasta antes del partido frente a Argentinos Juniors el 11 ideal. Te lo anticipaba ayer Alejandro Parmo en LocoxelRojo Radio y, definitivmanete, frente a Pe\u00f1arol Mohamed har\u00e1 5 cambios. Si bien ayer dec\u00edamos que la delantera ser\u00eda Defederico, Rodr\u00edguez y Parra o Nu\u00f1ez, hoy Mohamed par\u00f3 un 3-3-1-3 con Leandro Graci\u00e1n. Los 11 fueron <strong>Hilario Navarro; Leonel Galeano, Eduardo Tuzzio, Juli\u00e1n Vel\u00e1zquez; Nicol\u00e1s Cabrera, Cristian Pellerano,Maximiliano Vel\u00e1zquez, Leandro Graci\u00e1n; Patricio Rodr\u00edguez, Mat\u00edas Defederico y Facundo Parra.<\/strong><\/p>\n<p>Del equipo titular ideal saldr\u00edan entonces Carlos Matheu, Roberto Batti\u00f3n, Hernan Fredes, Lucas Mareque y Andr\u00e9s Silvera. En tanto, para los suplentes jugaron Fabi\u00e1n Assman; Iv\u00e1n V\u00e9lez, Javier B\u00e1ez, Ignacio Barcia, Lucas Kruzpsky; Walter Busse, Fernando Godoy, Iv\u00e1n Perez, Federico Mancuello; Leonel Nu\u00f1ez y Jairo Castillo.<\/p>\n<p>Los titulares ganaron 1-0 c0n gol de Patrircio Rodr\u00edguez. Si bien muchos hablan del mensaje env\u00edado relegando el debut en la fase de grupos, lo cierto es que Mohamed tiene observado a Pe\u00f1arol de Montevideo y sabe que el partido frente a River el pr\u00f3ximo domingo ser\u00e1 m\u00e1s duro que el enfrentamiento frente a los uruguayos. Por otro lado, a Independiente se le viene el partido en la altura de Quito y all\u00ed la idea es hacer un mix nuevamente.<\/p>\n","protected":false},"excerpt":{"rendered":"<p>Independiente arranca la Libertadores sin lo que era hasta antes del partido frente a Argentinos Juniors el 11 ideal. Te lo anticipaba ayer Alejandro Parmo en LocoxelRojo Radio y, definitivmanete, frente a Pe\u00f1arol Mohamed har\u00e1 5 cambios. Si bien ayer dec\u00edamos que la delantera ser\u00eda Defederico, Rodr\u00edguez y Parra o Nu\u00f1ez, hoy Mohamed par\u00f3 un [&hellip;]<\/p>\n","protected":false},"author":1,"featured_media":0,"comment_status":"open","ping_status":"open","sticky":false,"template":"","format":"standard","meta":{"_links_to":"","_links_to_target":""},"categories":[494,3,1],"tags":[153,364,38,60,154,41,566],"_links":{"self":[{"href":"https:\/\/www.locoxelrojo.com\/independiente\/wp-json\/wp\/v2\/posts\/5072"}],"collection":[{"href":"https:\/\/www.locoxelrojo.com\/independiente\/wp-json\/wp\/v2\/posts"}],"about":[{"href":"https:\/\/www.locoxelrojo.com\/independiente\/wp-json\/wp\/v2\/types\/post"}],"author":[{"embeddable":true,"href":"https:\/\/www.locoxelrojo.com\/independiente\/wp-json\/wp\/v2\/users\/1"}],"replies":[{"embeddable":true,"href":"https:\/\/www.locoxelrojo.com\/independiente\/wp-json\/wp\/v2\/comments?post=5072"}],"version-history":[{"count":0,"href":"https:\/\/www.locoxelrojo.com\/independiente\/wp-json\/wp\/v2\/posts\/5072\/revisions"}],"wp:attachment":[{"href":"https:\/\/www.locoxelrojo.com\/independiente\/wp-json\/wp\/v2\/media?parent=5072"}],"wp:term":[{"taxonomy":"category","embeddable":true,"href":"https:\/\/www.locoxelrojo.com\/independiente\/wp-json\/wp\/v2\/categories?post=5072"},{"taxonomy":"post_tag","embeddable":true,"href":"https:\/\/www.locoxelrojo.com\/independiente\/wp-json\/wp\/v2\/tags?post=5072"}],"curies":[{"name":"wp","href":"https:\/\/api.w.org\/{rel}","templated":true}]}}