{"id":50868,"date":"2015-02-27T13:00:02","date_gmt":"2015-02-27T16:00:02","guid":{"rendered":"http:\/\/www.locoxelrojo.com\/independiente\/?p=50868"},"modified":"2015-02-27T17:44:05","modified_gmt":"2015-02-27T20:44:05","slug":"falcioni-tiene-el-equipo-para-recibir-al-rojo","status":"publish","type":"post","link":"https:\/\/www.locoxelrojo.com\/independiente\/2015\/02\/27\/falcioni-tiene-el-equipo-para-recibir-al-rojo\/","title":{"rendered":"Falcioni tiene el equipo para recibir al Rojo"},"content":{"rendered":"<p><strong>Quilmes se entren\u00f3 este viernes por la ma\u00f1ana con la mente puesta en el choque de este s\u00e1bado a las 20:10 ante Independiente<\/strong>, en el estadio Centenario, con el arbitraje de Patricio Loustau. <strong>Julio C\u00e9sar Falcioni ya tiene el equipo para recibir al Rojo.<\/strong><\/p>\n<p>El t\u00e9cnico del Cervecero tuvo inconvenientes para probar el equipo durante la semana, ya que varios futbolistas se encontraban con molestias. Entre ellos, <strong>Adri\u00e1n Calello con un traumatismo en el tobillo derecho, Jonathan Zacar\u00eda con el mismo problema, pero en la rodilla derecha, Emanuel Morales con una molestia abdominal y Diego Buonanotte que padeci\u00f3 una fatiga muscular en el cu\u00e1driceps derecho.<\/strong><\/p>\n<p>Hoy pudo contar con todos ellos en la pr\u00e1ctica, a puertas cerradas en el estadio, y que tuvo muchos trabajos t\u00e1cticos. <strong>La buena noticia para Falcioni es que estar\u00e1n todos desde el arranque.<\/strong><\/p>\n<p>Los once que pondr\u00eda en cancha Quilmes: <strong>Fabi\u00e1n Assmann; Adri\u00e1n Scifo, Joel Carli, Dami\u00e1n Malrechauffe, Emanuel Morales; Rodrigo G\u00f3mez, Rodrigo Bra\u00f1a, Adri\u00e1n Calello, Jonathan Zacar\u00eda; Diego Buonanotte y Claudio Bieler.<\/strong><\/p>\n<p>Adem\u00e1s, nueve jugadores completan la lista de concentrados y dos de ellos quedar\u00e1n afuera del banco de suplentes:<strong> Walter Ben\u00edtez, Lucas Su\u00e1rez, Leonel Bontempo, Nicol\u00e1s Cabrera, Sebasti\u00e1n Romero, Emiliano Carrasco, Lucas P\u00e9rez Godoy, Leonel Demelchori y Adri\u00e1n Fern\u00e1ndez.<\/strong><\/p>\n","protected":false},"excerpt":{"rendered":"<p>Quilmes se entren\u00f3 este viernes por la ma\u00f1ana con la mente puesta en el choque de este s\u00e1bado a las 20:10 ante Independiente, en el estadio Centenario, con el arbitraje de Patricio Loustau. Julio C\u00e9sar Falcioni ya tiene el equipo para recibir al Rojo. El t\u00e9cnico del Cervecero tuvo inconvenientes para probar el equipo durante [&hellip;]<\/p>\n","protected":false},"author":14,"featured_media":50869,"comment_status":"open","ping_status":"closed","sticky":false,"template":"","format":"standard","meta":{"_links_to":"","_links_to_target":""},"categories":[1990,1],"tags":[825,2908,3275,2907,2906,385],"_links":{"self":[{"href":"https:\/\/www.locoxelrojo.com\/independiente\/wp-json\/wp\/v2\/posts\/50868"}],"collection":[{"href":"https:\/\/www.locoxelrojo.com\/independiente\/wp-json\/wp\/v2\/posts"}],"about":[{"href":"https:\/\/www.locoxelrojo.com\/independiente\/wp-json\/wp\/v2\/types\/post"}],"author":[{"embeddable":true,"href":"https:\/\/www.locoxelrojo.com\/independiente\/wp-json\/wp\/v2\/users\/14"}],"replies":[{"embeddable":true,"href":"https:\/\/www.locoxelrojo.com\/independiente\/wp-json\/wp\/v2\/comments?post=50868"}],"version-history":[{"count":0,"href":"https:\/\/www.locoxelrojo.com\/independiente\/wp-json\/wp\/v2\/posts\/50868\/revisions"}],"wp:featuredmedia":[{"embeddable":true,"href":"https:\/\/www.locoxelrojo.com\/independiente\/wp-json\/wp\/v2\/media\/50869"}],"wp:attachment":[{"href":"https:\/\/www.locoxelrojo.com\/independiente\/wp-json\/wp\/v2\/media?parent=50868"}],"wp:term":[{"taxonomy":"category","embeddable":true,"href":"https:\/\/www.locoxelrojo.com\/independiente\/wp-json\/wp\/v2\/categories?post=50868"},{"taxonomy":"post_tag","embeddable":true,"href":"https:\/\/www.locoxelrojo.com\/independiente\/wp-json\/wp\/v2\/tags?post=50868"}],"curies":[{"name":"wp","href":"https:\/\/api.w.org\/{rel}","templated":true}]}}