{"id":5090,"date":"2011-02-22T15:07:27","date_gmt":"2011-02-22T17:07:27","guid":{"rendered":"http:\/\/www.locoxelrojo.com.ar\/independiente\/?p=5090"},"modified":"2015-09-09T20:11:46","modified_gmt":"2015-09-09T23:11:46","slug":"concentrados-frente-a-penarol","status":"publish","type":"post","link":"https:\/\/www.locoxelrojo.com\/independiente\/2011\/02\/22\/concentrados-frente-a-penarol\/","title":{"rendered":"Concentrados vs. Pe\u00f1arol"},"content":{"rendered":"<p><a href=\"http:\/\/www.locoxelrojo.com.ar\/independiente\/wp-content\/uploads\/2011\/02\/cuquisilvera.jpg\"><img loading=\"lazy\" class=\"alignnone size-full wp-image-5091\" title=\"cuquisilvera\" src=\"http:\/\/www.locoxelrojo.com.ar\/independiente\/wp-content\/uploads\/2011\/02\/cuquisilvera.jpg\" alt=\"\" width=\"590\" height=\"315\" srcset=\"https:\/\/locoxelrojo.com\/independiente\/wp-content\/uploads\/2011\/02\/cuquisilvera.jpg 590w, https:\/\/locoxelrojo.com\/independiente\/wp-content\/uploads\/2011\/02\/cuquisilvera-300x160.jpg 300w\" sizes=\"(max-width: 590px) 100vw, 590px\" \/><\/a><\/p>\n<p>El t\u00e9cnico de Independiente Antonio Mohamed entreg\u00f3 la lista de concentrados para el partido del jueves ante Pe\u00f1arol. Finalmente decidi\u00f3 guardar a 20 jugadores y entre ellos se encuentra Andr\u00e9s Silvera, quien no va a ser titular debido a las molestias en su tobillo, pero podr\u00eda tener un lugar entre los suplentes.<\/p>\n<p><strong>Los jugadores se concentran ma\u00f1ana al mediod\u00eda<\/strong> y por la tarde a las 19 hs a puertas cerradas har\u00e1n una pr\u00e1ctica en el Libertadores de Am\u00e9rica.<\/p>\n<p><strong>Los concentrdos:<\/strong><\/p>\n<p><strong>Arqueros:<\/strong> Hilario Navarro y Fabi\u00e1n Assmann.<\/p>\n<p><strong>Defensores:<\/strong> Juli\u00e1n Vel\u00e1zquez, Eduardo Tuzzio, Leonel Galeano, Maximiliano Vel\u00e1zquez, Iv\u00e1n V\u00e9lez y Carlos Matheu.<\/p>\n<p><strong>Volantes: <\/strong>Nicol\u00e1s\u00a0Cabrera, Cristian Pellerano, Leandro Graci\u00e1n, Roberto Batti\u00f3n, Federico Mancuello, Iv\u00e1n P\u00e9rez y Fernando Godoy.<\/p>\n<p><strong>Delanteros:<\/strong> Mat\u00edas Defederico, Facundo Parra, Patricio Rodr\u00edguez, Andr\u00e9s Silvera y Leonel N\u00fa\u00f1ez.<\/p>\n","protected":false},"excerpt":{"rendered":"<p>El t\u00e9cnico de Independiente Antonio Mohamed entreg\u00f3 la lista de concentrados para el partido del jueves ante Pe\u00f1arol. Finalmente decidi\u00f3 guardar a 20 jugadores y entre ellos se encuentra Andr\u00e9s Silvera, quien no va a ser titular debido a las molestias en su tobillo, pero podr\u00eda tener un lugar entre los suplentes. Los jugadores se [&hellip;]<\/p>\n","protected":false},"author":1,"featured_media":0,"comment_status":"open","ping_status":"open","sticky":false,"template":"","format":"standard","meta":{"_links_to":"","_links_to_target":""},"categories":[494,3,1],"tags":[153,3030,364],"_links":{"self":[{"href":"https:\/\/www.locoxelrojo.com\/independiente\/wp-json\/wp\/v2\/posts\/5090"}],"collection":[{"href":"https:\/\/www.locoxelrojo.com\/independiente\/wp-json\/wp\/v2\/posts"}],"about":[{"href":"https:\/\/www.locoxelrojo.com\/independiente\/wp-json\/wp\/v2\/types\/post"}],"author":[{"embeddable":true,"href":"https:\/\/www.locoxelrojo.com\/independiente\/wp-json\/wp\/v2\/users\/1"}],"replies":[{"embeddable":true,"href":"https:\/\/www.locoxelrojo.com\/independiente\/wp-json\/wp\/v2\/comments?post=5090"}],"version-history":[{"count":0,"href":"https:\/\/www.locoxelrojo.com\/independiente\/wp-json\/wp\/v2\/posts\/5090\/revisions"}],"wp:attachment":[{"href":"https:\/\/www.locoxelrojo.com\/independiente\/wp-json\/wp\/v2\/media?parent=5090"}],"wp:term":[{"taxonomy":"category","embeddable":true,"href":"https:\/\/www.locoxelrojo.com\/independiente\/wp-json\/wp\/v2\/categories?post=5090"},{"taxonomy":"post_tag","embeddable":true,"href":"https:\/\/www.locoxelrojo.com\/independiente\/wp-json\/wp\/v2\/tags?post=5090"}],"curies":[{"name":"wp","href":"https:\/\/api.w.org\/{rel}","templated":true}]}}