{"id":51071,"date":"2015-03-06T13:45:11","date_gmt":"2015-03-06T16:45:11","guid":{"rendered":"http:\/\/www.locoxelrojo.com\/independiente\/?p=51071"},"modified":"2015-10-16T19:48:43","modified_gmt":"2015-10-16T22:48:43","slug":"concentrados-vs-belgrano-vuelve-tula","status":"publish","type":"post","link":"https:\/\/www.locoxelrojo.com\/independiente\/2015\/03\/06\/concentrados-vs-belgrano-vuelve-tula\/","title":{"rendered":"Concentrados vs. Belgrano: vuelve Tula"},"content":{"rendered":"<p>Una vez finalizada la \u00faltima pr\u00e1ctica de la semana, <strong>Jorge Almir\u00f3n dio a conocer los nombres de los jugadores que quedaron concentrados para enfrentar a Belgrano de C\u00f3rdoba<\/strong>\u00a0el s\u00e1bado desde las 20:10 en el Libertadores de Am\u00e9rica.<\/p>\n<p><strong>La principal novedad pasa por la vuelta de Cristian Tula en lugar de N\u00e9stor Breitenbruch y la no inclusi\u00f3n de Jes\u00fas M\u00e9ndez y Francisco Pizzini<\/strong>, qui\u00e9n ya se encuentra totalmente recuperado de su lesi\u00f3n y trabaja a la par de sus compa\u00f1eros.<\/p>\n<p>Con una sola variante respecto a los 20 elegidos por el t\u00e9cnico la semana anterior, <strong>la lista qued\u00f3 as\u00ed:<\/strong><\/p>\n<p><strong>Arqueros:<\/strong> Diego Rodr\u00edguez y Germ\u00e1n Montoya.<\/p>\n<p><strong>Defensores:<\/strong> Gustavo Toledo, Emanuel Aguilera, Nicol\u00e1s Figal, Cristian Tula, V\u00edctor Cuesta, Nicol\u00e1s Tagliafico y Emiliano Papa.<\/p>\n<p><strong>Mediocampistas:<\/strong> Franco Bellocq, Diego Rodr\u00edguez, Federico Mancuello, Mat\u00edas Pisano, Claudio Aquino y Gabriel Graciani.<\/p>\n<p><strong>Delanteros:<\/strong> Mart\u00edn Ben\u00edtez, Claudio Ria\u00f1o, Juan Mart\u00edn Lucero, Jos\u00e9 Valencia y Lucas Albertengo.<\/p>\n","protected":false},"excerpt":{"rendered":"<p>Una vez finalizada la \u00faltima pr\u00e1ctica de la semana, Jorge Almir\u00f3n dio a conocer los nombres de los jugadores que quedaron concentrados para enfrentar a Belgrano de C\u00f3rdoba\u00a0el s\u00e1bado desde las 20:10 en el Libertadores de Am\u00e9rica. La principal novedad pasa por la vuelta de Cristian Tula en lugar de N\u00e9stor Breitenbruch y la no [&hellip;]<\/p>\n","protected":false},"author":20,"featured_media":51072,"comment_status":"open","ping_status":"closed","sticky":false,"template":"","format":"standard","meta":{"_links_to":"","_links_to_target":""},"categories":[3,1],"tags":[153,3054,2844],"_links":{"self":[{"href":"https:\/\/www.locoxelrojo.com\/independiente\/wp-json\/wp\/v2\/posts\/51071"}],"collection":[{"href":"https:\/\/www.locoxelrojo.com\/independiente\/wp-json\/wp\/v2\/posts"}],"about":[{"href":"https:\/\/www.locoxelrojo.com\/independiente\/wp-json\/wp\/v2\/types\/post"}],"author":[{"embeddable":true,"href":"https:\/\/www.locoxelrojo.com\/independiente\/wp-json\/wp\/v2\/users\/20"}],"replies":[{"embeddable":true,"href":"https:\/\/www.locoxelrojo.com\/independiente\/wp-json\/wp\/v2\/comments?post=51071"}],"version-history":[{"count":0,"href":"https:\/\/www.locoxelrojo.com\/independiente\/wp-json\/wp\/v2\/posts\/51071\/revisions"}],"wp:featuredmedia":[{"embeddable":true,"href":"https:\/\/www.locoxelrojo.com\/independiente\/wp-json\/wp\/v2\/media\/51072"}],"wp:attachment":[{"href":"https:\/\/www.locoxelrojo.com\/independiente\/wp-json\/wp\/v2\/media?parent=51071"}],"wp:term":[{"taxonomy":"category","embeddable":true,"href":"https:\/\/www.locoxelrojo.com\/independiente\/wp-json\/wp\/v2\/categories?post=51071"},{"taxonomy":"post_tag","embeddable":true,"href":"https:\/\/www.locoxelrojo.com\/independiente\/wp-json\/wp\/v2\/tags?post=51071"}],"curies":[{"name":"wp","href":"https:\/\/api.w.org\/{rel}","templated":true}]}}