{"id":51074,"date":"2015-03-06T14:00:34","date_gmt":"2015-03-06T17:00:34","guid":{"rendered":"http:\/\/www.locoxelrojo.com\/independiente\/?p=51074"},"modified":"2015-03-06T20:24:17","modified_gmt":"2015-03-06T23:24:17","slug":"los-mismos-once-3","status":"publish","type":"post","link":"https:\/\/www.locoxelrojo.com\/independiente\/2015\/03\/06\/los-mismos-once-3\/","title":{"rendered":"Los mismos once"},"content":{"rendered":"<p>Este viernes por la ma\u00f1ana, <strong>el plantel de Independiente tuvo su \u00faltimo entrenamiento en Villa Dom\u00ednico de cara al partido del pr\u00f3ximo s\u00e1bado<\/strong>, cuando reciba a Belgrano a partir de las 20:10 en el Libertadores de Am\u00e9rica.<\/p>\n<p>Jorge Almir\u00f3n dispuso trabajos de pelota parada, ejercicios de marcaci\u00f3n y finaliz\u00f3 con una pr\u00e1ctica de f\u00fatbol. Luego, dio la lista de los 20 jugadores que quedaron concentrados. <strong>El t\u00e9cnico dej\u00f3 entrever el posible equipo y no habr\u00eda variantes con respecto a los once que enfrentaron a Quilmes<\/strong>.<\/p>\n<p>Los elegidos fueron: <strong>Diego Rodr\u00edguez; Gustavo Toledo, Emanuel Aguilera, V\u00edctor Cuesta, Nicol\u00e1s Tagliafico; Mat\u00edas Pisano, Diego Rodr\u00edguez, Federico Mancuello, Emiliano Papa; Jos\u00e9 Valencia y Lucas Albertengo<\/strong>.<\/p>\n","protected":false},"excerpt":{"rendered":"<p>Este viernes por la ma\u00f1ana, el plantel de Independiente tuvo su \u00faltimo entrenamiento en Villa Dom\u00ednico de cara al partido del pr\u00f3ximo s\u00e1bado, cuando reciba a Belgrano a partir de las 20:10 en el Libertadores de Am\u00e9rica. Jorge Almir\u00f3n dispuso trabajos de pelota parada, ejercicios de marcaci\u00f3n y finaliz\u00f3 con una pr\u00e1ctica de f\u00fatbol. Luego, [&hellip;]<\/p>\n","protected":false},"author":20,"featured_media":51075,"comment_status":"open","ping_status":"closed","sticky":false,"template":"","format":"standard","meta":{"_links_to":"","_links_to_target":""},"categories":[3,1],"tags":[26,2724,172],"_links":{"self":[{"href":"https:\/\/www.locoxelrojo.com\/independiente\/wp-json\/wp\/v2\/posts\/51074"}],"collection":[{"href":"https:\/\/www.locoxelrojo.com\/independiente\/wp-json\/wp\/v2\/posts"}],"about":[{"href":"https:\/\/www.locoxelrojo.com\/independiente\/wp-json\/wp\/v2\/types\/post"}],"author":[{"embeddable":true,"href":"https:\/\/www.locoxelrojo.com\/independiente\/wp-json\/wp\/v2\/users\/20"}],"replies":[{"embeddable":true,"href":"https:\/\/www.locoxelrojo.com\/independiente\/wp-json\/wp\/v2\/comments?post=51074"}],"version-history":[{"count":0,"href":"https:\/\/www.locoxelrojo.com\/independiente\/wp-json\/wp\/v2\/posts\/51074\/revisions"}],"wp:featuredmedia":[{"embeddable":true,"href":"https:\/\/www.locoxelrojo.com\/independiente\/wp-json\/wp\/v2\/media\/51075"}],"wp:attachment":[{"href":"https:\/\/www.locoxelrojo.com\/independiente\/wp-json\/wp\/v2\/media?parent=51074"}],"wp:term":[{"taxonomy":"category","embeddable":true,"href":"https:\/\/www.locoxelrojo.com\/independiente\/wp-json\/wp\/v2\/categories?post=51074"},{"taxonomy":"post_tag","embeddable":true,"href":"https:\/\/www.locoxelrojo.com\/independiente\/wp-json\/wp\/v2\/tags?post=51074"}],"curies":[{"name":"wp","href":"https:\/\/api.w.org\/{rel}","templated":true}]}}