{"id":51082,"date":"2015-03-06T14:30:10","date_gmt":"2015-03-06T17:30:10","guid":{"rendered":"http:\/\/www.locoxelrojo.com\/independiente\/?p=51082"},"modified":"2015-10-16T19:48:49","modified_gmt":"2015-10-16T22:48:49","slug":"h-moyano-vamos-a-hacer-el-estadio-con-techo-tal-cual-estaba-previsto","status":"publish","type":"post","link":"https:\/\/www.locoxelrojo.com\/independiente\/2015\/03\/06\/h-moyano-vamos-a-hacer-el-estadio-con-techo-tal-cual-estaba-previsto\/","title":{"rendered":"Hugo Moyano: \u201cVamos a hacer el estadio con techo, tal cual estaba previsto\u201d"},"content":{"rendered":"<p><strong>Hugo Moyano<\/strong> brind\u00f3 una conferencia de prensa despu\u00e9s de firmar el contrato con la empresa EVA S.A. para terminar el Libertadores de Am\u00e9rica y rescat\u00f3 el aporte de los socios para poder encarar las obras. Adem\u00e1s, <strong>remarc\u00f3 que el estadio tendr\u00e1 techo<\/strong> y que la dirigencia y la constructora<strong> cumplir\u00e1n con el plazo de 12 a 15 meses\u00a0establecido para concluir los trabajos<\/strong>.<\/p>\n<p><strong>\u201cEsto lo hacemos con absoluta responsabilidad. Nosotros no sacamos cr\u00e9ditos, pagamos con el dinero que ingresa en Independiente, los aportes y contribuciones de lo que venimos administrando y ahorrando para el club\u201d<\/strong>, fueron las primeras palabras del presidente.<\/p>\n<p><strong>\u201cTodos estos aportes nos dan la posibilidad de tener recursos para pagar el 60% para que se inicie la obra\u201d<\/strong>, se\u00f1al\u00f3, en referencia al pago por adelantado de los trabajos. Adem\u00e1s, coment\u00f3 que <strong>\u201cesta etapa sale $18.720.000 millones y lo otro hay que preverlo y hacer n\u00fameros\u201d<\/strong>, y agreg\u00f3: <strong>\u201cLos materiales vienen aparte, hemos tenido la suerte de conseguirlos por una gesti\u00f3n de Pablo (Moyano) y otros compa\u00f1eros, casi sin cargo\u201d<\/strong>.<\/p>\n<p>Por otro lado, la m\u00e1xima autoridad del Rojo sentenci\u00f3 que <strong>\u201clas obras tienen un plazo y se van a terminar en ese plazo\u201d<\/strong>, estimado en 15 meses como m\u00e1ximo. En la misma l\u00ednea, confirm\u00f3 que el Libertadores de Am\u00e9rica estar\u00e1 techado: <strong>\u201cLa \u00faltima etapa es el techo. Lo vamos a hacer tal cual estaba previsto y va a ser sin ninguna duda uno de los estadios m\u00e1s lindos que habr\u00e1 en nuestro pa\u00eds\u201d<\/strong>.<\/p>\n<p>Finalmente, cuando\u00a0le consultaron sobre la fuente de ingresos para terminar el estadio, el l\u00edder sindical fue claro y se despach\u00f3 con una chicana: <strong>\u201cEl dinero surge de los sponsors que tiene Independiente, de las recaudaciones y contribuciones que hacen muchos socios. \u00bfDe d\u00f3nde va a salir? \u00bfPiensan que la fabrico yo, que tengo la maquinita? La maquinita la tiene Boudou, no la tengo yo, ja\u201d<\/strong>.<\/p>\n","protected":false},"excerpt":{"rendered":"<p>Hugo Moyano brind\u00f3 una conferencia de prensa despu\u00e9s de firmar el contrato con la empresa EVA S.A. para terminar el Libertadores de Am\u00e9rica y rescat\u00f3 el aporte de los socios para poder encarar las obras. Adem\u00e1s, remarc\u00f3 que el estadio tendr\u00e1 techo y que la dirigencia y la constructora cumplir\u00e1n con el plazo de 12 [&hellip;]<\/p>\n","protected":false},"author":8,"featured_media":51092,"comment_status":"open","ping_status":"closed","sticky":false,"template":"","format":"standard","meta":{"_links_to":"","_links_to_target":""},"categories":[4,1],"tags":[247,140],"_links":{"self":[{"href":"https:\/\/www.locoxelrojo.com\/independiente\/wp-json\/wp\/v2\/posts\/51082"}],"collection":[{"href":"https:\/\/www.locoxelrojo.com\/independiente\/wp-json\/wp\/v2\/posts"}],"about":[{"href":"https:\/\/www.locoxelrojo.com\/independiente\/wp-json\/wp\/v2\/types\/post"}],"author":[{"embeddable":true,"href":"https:\/\/www.locoxelrojo.com\/independiente\/wp-json\/wp\/v2\/users\/8"}],"replies":[{"embeddable":true,"href":"https:\/\/www.locoxelrojo.com\/independiente\/wp-json\/wp\/v2\/comments?post=51082"}],"version-history":[{"count":0,"href":"https:\/\/www.locoxelrojo.com\/independiente\/wp-json\/wp\/v2\/posts\/51082\/revisions"}],"wp:featuredmedia":[{"embeddable":true,"href":"https:\/\/www.locoxelrojo.com\/independiente\/wp-json\/wp\/v2\/media\/51092"}],"wp:attachment":[{"href":"https:\/\/www.locoxelrojo.com\/independiente\/wp-json\/wp\/v2\/media?parent=51082"}],"wp:term":[{"taxonomy":"category","embeddable":true,"href":"https:\/\/www.locoxelrojo.com\/independiente\/wp-json\/wp\/v2\/categories?post=51082"},{"taxonomy":"post_tag","embeddable":true,"href":"https:\/\/www.locoxelrojo.com\/independiente\/wp-json\/wp\/v2\/tags?post=51082"}],"curies":[{"name":"wp","href":"https:\/\/api.w.org\/{rel}","templated":true}]}}