{"id":51278,"date":"2015-03-14T23:00:43","date_gmt":"2015-03-15T02:00:43","guid":{"rendered":"http:\/\/www.locoxelrojo.com\/independiente\/?p=51278"},"modified":"2015-10-16T20:04:19","modified_gmt":"2015-10-16T23:04:19","slug":"albertengo-volvimos-a-ser-superiores-pero-no-nos-esta-alcanzando","status":"publish","type":"post","link":"https:\/\/www.locoxelrojo.com\/independiente\/2015\/03\/14\/albertengo-volvimos-a-ser-superiores-pero-no-nos-esta-alcanzando\/","title":{"rendered":"Albertengo: \u201cVolvimos a ser superiores, pero no nos est\u00e1 alcanzando\u201d"},"content":{"rendered":"<p><strong>Lucas Albertengo<\/strong> consider\u00f3 que Independiente fue superior a Uni\u00f3n en Santa Fe y que le falt\u00f3 punter\u00eda para quedarse con los tres puntos. Sobre el gol que abri\u00f3 el marcador, se\u00f1al\u00f3: <strong>\u201cNo s\u00e9 con qu\u00e9 le pegu\u00e9, vi que la agarr\u00e9 medio mal y entr\u00f3 con lo justo\u201d<\/strong>.<\/p>\n<p><strong>\u201cNos falt\u00f3 un poquito de precisi\u00f3n en los \u00faltimos metros, sobre todo en el segundo tiempo que tuvimos bastante la pelota cerca del \u00e1rea y no pudimos profundizar, y cuando lo hicimos no pudimos definir\u201d<\/strong>, fueron las primeras palabras del delantero despu\u00e9s del empate ante el Tatengue.<\/p>\n<p>El goleador opin\u00f3 que el Rojo mereci\u00f3 traerse un triunfo del estadio 15 abril, pero reconoci\u00f3 que hay cosas para corregir. <strong>\u201cHicimos un buen partido, fuimos superiores pero no nos est\u00e1 alcanzando. El partido pasado tambi\u00e9n hab\u00edamos sido superiores al rival y nos terminamos quedando con las manos vac\u00edas. Hay que mejorar\u201d<\/strong>, explic\u00f3.<\/p>\n<p><strong>\u201cLa idea es tratar de jugar por abajo, sumar toques, tener movilidad y meter mucha gente en el \u00e1rea rival. Por momentos lo hacemos bien y por momentos nos falta un poquito, pero la idea se est\u00e1 notando\u201d<\/strong>, remarc\u00f3 el ex Atl\u00e9tico Rafaela en referencia al estilo de juego del equipo, y agreg\u00f3: <strong>\u201cFaltan corregir algunas cosas, pero estamos haciendo las cosas demasiado bien\u201d<\/strong>.<\/p>\n","protected":false},"excerpt":{"rendered":"<p>Lucas Albertengo consider\u00f3 que Independiente fue superior a Uni\u00f3n en Santa Fe y que le falt\u00f3 punter\u00eda para quedarse con los tres puntos. Sobre el gol que abri\u00f3 el marcador, se\u00f1al\u00f3: \u201cNo s\u00e9 con qu\u00e9 le pegu\u00e9, vi que la agarr\u00e9 medio mal y entr\u00f3 con lo justo\u201d. \u201cNos falt\u00f3 un poquito de precisi\u00f3n en [&hellip;]<\/p>\n","protected":false},"author":8,"featured_media":51293,"comment_status":"open","ping_status":"closed","sticky":false,"template":"","format":"standard","meta":{"_links_to":"","_links_to_target":""},"categories":[3,1],"tags":[153,2839,2844,1155],"_links":{"self":[{"href":"https:\/\/www.locoxelrojo.com\/independiente\/wp-json\/wp\/v2\/posts\/51278"}],"collection":[{"href":"https:\/\/www.locoxelrojo.com\/independiente\/wp-json\/wp\/v2\/posts"}],"about":[{"href":"https:\/\/www.locoxelrojo.com\/independiente\/wp-json\/wp\/v2\/types\/post"}],"author":[{"embeddable":true,"href":"https:\/\/www.locoxelrojo.com\/independiente\/wp-json\/wp\/v2\/users\/8"}],"replies":[{"embeddable":true,"href":"https:\/\/www.locoxelrojo.com\/independiente\/wp-json\/wp\/v2\/comments?post=51278"}],"version-history":[{"count":0,"href":"https:\/\/www.locoxelrojo.com\/independiente\/wp-json\/wp\/v2\/posts\/51278\/revisions"}],"wp:featuredmedia":[{"embeddable":true,"href":"https:\/\/www.locoxelrojo.com\/independiente\/wp-json\/wp\/v2\/media\/51293"}],"wp:attachment":[{"href":"https:\/\/www.locoxelrojo.com\/independiente\/wp-json\/wp\/v2\/media?parent=51278"}],"wp:term":[{"taxonomy":"category","embeddable":true,"href":"https:\/\/www.locoxelrojo.com\/independiente\/wp-json\/wp\/v2\/categories?post=51278"},{"taxonomy":"post_tag","embeddable":true,"href":"https:\/\/www.locoxelrojo.com\/independiente\/wp-json\/wp\/v2\/tags?post=51278"}],"curies":[{"name":"wp","href":"https:\/\/api.w.org\/{rel}","templated":true}]}}