{"id":5166,"date":"2011-02-25T05:46:16","date_gmt":"2011-02-25T07:46:16","guid":{"rendered":"http:\/\/www.locoxelrojo.com.ar\/independiente\/?p=5166"},"modified":"2011-02-25T06:03:24","modified_gmt":"2011-02-25T08:03:24","slug":"escucha-los-relatos-de-los-goles","status":"publish","type":"post","link":"https:\/\/www.locoxelrojo.com\/independiente\/2011\/02\/25\/escucha-los-relatos-de-los-goles\/","title":{"rendered":"Escuch\u00e1 los relatos de los goles"},"content":{"rendered":"<p><a href=\"http:\/\/www.locoxelrojo.com.ar\/independiente\/wp-content\/uploads\/2011\/02\/goles-cai-penarol.jpg\"><img loading=\"lazy\" class=\"alignnone size-full wp-image-5197\" title=\"goles-cai-penarol\" src=\"http:\/\/www.locoxelrojo.com.ar\/independiente\/wp-content\/uploads\/2011\/02\/goles-cai-penarol.jpg\" alt=\"\" width=\"590\" height=\"315\" srcset=\"https:\/\/locoxelrojo.com\/independiente\/wp-content\/uploads\/2011\/02\/goles-cai-penarol.jpg 590w, https:\/\/locoxelrojo.com\/independiente\/wp-content\/uploads\/2011\/02\/goles-cai-penarol-300x160.jpg 300w\" sizes=\"(max-width: 590px) 100vw, 590px\" \/><\/a><\/p>\n<p><strong>Mariano Closs y Fernando Niembro por<em> Fox Sports<\/em><\/strong><\/p>\n<p><object classid=\"clsid:d27cdb6e-ae6d-11cf-96b8-444553540000\" width=\"353\" height=\"132\" codebase=\"http:\/\/download.macromedia.com\/pub\/shockwave\/cabs\/flash\/swflash.cab#version=6,0,40,0\"><param name=\"src\" value=\"http:\/\/www.goear.com\/files\/external.swf?file=b71b066\" \/><param name=\"wmode\" value=\"transparent\" \/><param name=\"quality\" value=\"high\" \/><embed type=\"application\/x-shockwave-flash\" width=\"353\" height=\"132\" src=\"http:\/\/www.goear.com\/files\/external.swf?file=b71b066\" quality=\"high\" wmode=\"transparent\"><\/embed><\/object><\/p>\n<p><strong>Germ\u00e1n Sosa y Quique Sacco en<em> Espn Radio en Rivadavia<\/em><\/strong><\/p>\n<p><object classid=\"clsid:d27cdb6e-ae6d-11cf-96b8-444553540000\" width=\"353\" height=\"132\" codebase=\"http:\/\/download.macromedia.com\/pub\/shockwave\/cabs\/flash\/swflash.cab#version=6,0,40,0\"><param name=\"src\" value=\"http:\/\/www.goear.com\/files\/external.swf?file=b76dd09\" \/><param name=\"wmode\" value=\"transparent\" \/><param name=\"quality\" value=\"high\" \/><embed type=\"application\/x-shockwave-flash\" width=\"353\" height=\"132\" src=\"http:\/\/www.goear.com\/files\/external.swf?file=b76dd09\" quality=\"high\" wmode=\"transparent\"><\/embed><\/object><\/p>\n<p><strong>Mart\u00edn Roldan en <em>Rojos de Pasi\u00f3n <\/em>por <em>Radio Gama AM 1400<\/em><\/strong><\/p>\n<p><object classid=\"clsid:d27cdb6e-ae6d-11cf-96b8-444553540000\" width=\"353\" height=\"132\" codebase=\"http:\/\/download.macromedia.com\/pub\/shockwave\/cabs\/flash\/swflash.cab#version=6,0,40,0\"><param name=\"src\" value=\"http:\/\/www.goear.com\/files\/external.swf?file=b384800\" \/><param name=\"wmode\" value=\"transparent\" \/><param name=\"quality\" value=\"high\" \/><embed type=\"application\/x-shockwave-flash\" width=\"353\" height=\"132\" src=\"http:\/\/www.goear.com\/files\/external.swf?file=b384800\" quality=\"high\" wmode=\"transparent\"><\/embed><\/object><\/p>\n<p><strong>Leo Gabes en <\/strong><em><strong>Vuelta Ol\u00edmpica por Radio Belgrano AM 950<\/strong><br \/>\n<\/em><br \/>\n<object classid=\"clsid:d27cdb6e-ae6d-11cf-96b8-444553540000\" width=\"353\" height=\"132\" codebase=\"http:\/\/download.macromedia.com\/pub\/shockwave\/cabs\/flash\/swflash.cab#version=6,0,40,0\"><param name=\"src\" value=\"http:\/\/www.goear.com\/files\/external.swf?file=6efb859\" \/><param name=\"wmode\" value=\"transparent\" \/><param name=\"quality\" value=\"high\" \/><embed type=\"application\/x-shockwave-flash\" width=\"353\" height=\"132\" src=\"http:\/\/www.goear.com\/files\/external.swf?file=6efb859\" quality=\"high\" wmode=\"transparent\"><\/embed><\/object><\/p>\n<p><strong>Gustavo Cima en <em>Fox Sports Radio &#8211; Del Plata<\/em><\/strong><\/p>\n<p><object classid=\"clsid:d27cdb6e-ae6d-11cf-96b8-444553540000\" width=\"353\" height=\"132\" codebase=\"http:\/\/download.macromedia.com\/pub\/shockwave\/cabs\/flash\/swflash.cab#version=6,0,40,0\"><param name=\"src\" value=\"http:\/\/www.goear.com\/files\/external.swf?file=f28c81c\" \/><param name=\"wmode\" value=\"transparent\" \/><param name=\"quality\" value=\"high\" \/><embed type=\"application\/x-shockwave-flash\" width=\"353\" height=\"132\" src=\"http:\/\/www.goear.com\/files\/external.swf?file=f28c81c\" quality=\"high\" wmode=\"transparent\"><\/embed><\/object><\/p>\n","protected":false},"excerpt":{"rendered":"<p>Mariano Closs y Fernando Niembro por Fox Sports Germ\u00e1n Sosa y Quique Sacco en Espn Radio en Rivadavia Mart\u00edn Roldan en Rojos de Pasi\u00f3n por Radio Gama AM 1400 Leo Gabes en Vuelta Ol\u00edmpica por Radio Belgrano AM 950 Gustavo Cima en Fox Sports Radio &#8211; Del Plata<\/p>\n","protected":false},"author":1,"featured_media":0,"comment_status":"open","ping_status":"open","sticky":false,"template":"","format":"standard","meta":{"_links_to":"","_links_to_target":""},"categories":[494,3,1],"tags":[153,350,645,566,614,647],"_links":{"self":[{"href":"https:\/\/www.locoxelrojo.com\/independiente\/wp-json\/wp\/v2\/posts\/5166"}],"collection":[{"href":"https:\/\/www.locoxelrojo.com\/independiente\/wp-json\/wp\/v2\/posts"}],"about":[{"href":"https:\/\/www.locoxelrojo.com\/independiente\/wp-json\/wp\/v2\/types\/post"}],"author":[{"embeddable":true,"href":"https:\/\/www.locoxelrojo.com\/independiente\/wp-json\/wp\/v2\/users\/1"}],"replies":[{"embeddable":true,"href":"https:\/\/www.locoxelrojo.com\/independiente\/wp-json\/wp\/v2\/comments?post=5166"}],"version-history":[{"count":0,"href":"https:\/\/www.locoxelrojo.com\/independiente\/wp-json\/wp\/v2\/posts\/5166\/revisions"}],"wp:attachment":[{"href":"https:\/\/www.locoxelrojo.com\/independiente\/wp-json\/wp\/v2\/media?parent=5166"}],"wp:term":[{"taxonomy":"category","embeddable":true,"href":"https:\/\/www.locoxelrojo.com\/independiente\/wp-json\/wp\/v2\/categories?post=5166"},{"taxonomy":"post_tag","embeddable":true,"href":"https:\/\/www.locoxelrojo.com\/independiente\/wp-json\/wp\/v2\/tags?post=5166"}],"curies":[{"name":"wp","href":"https:\/\/api.w.org\/{rel}","templated":true}]}}