{"id":51689,"date":"2015-03-31T18:38:42","date_gmt":"2015-03-31T21:38:42","guid":{"rendered":"http:\/\/www.locoxelrojo.com\/independiente\/?p=51689"},"modified":"2015-03-31T18:38:42","modified_gmt":"2015-03-31T21:38:42","slug":"el-plantel-profesional-no-para","status":"publish","type":"post","link":"https:\/\/www.locoxelrojo.com\/independiente\/2015\/03\/31\/el-plantel-profesional-no-para\/","title":{"rendered":"El plantel profesional no para"},"content":{"rendered":"<p><strong>A pesar del paro que programado para este martes, el plantel profesional trabaj\u00f3 con normalidad en el predio de Villa Dom\u00ednico. Hubo f\u00fatbol en espacios reducidos y trabajos diferenciados para quienes se recuperan de sus lesiones.<\/strong><\/p>\n<p>Todos los predios y sedes de Independiente permanecieron cerrados ya que el gremio de UTEDYC se adhiri\u00f3 al paro nacional de este martes. <strong>A pesar de eso, el plantel entren\u00f3 con normalidad en Villa Dom\u00ednico, a puertas cerradas y sin atenci\u00f3n a la prensa.<\/strong><\/p>\n<p><strong>Esta ma\u00f1ana, los dirigidos por Jorge Almir\u00f3n realizaron una pr\u00e1ctica de f\u00fatbol en espacios reducidos.<\/strong> Por su parte, Juan Mart\u00edn Lucero, Gabriel Vall\u00e9s y Mart\u00edn Ben\u00edtez se movieron de forma diferenciada.<\/p>\n","protected":false},"excerpt":{"rendered":"<p>A pesar del paro que programado para este martes, el plantel profesional trabaj\u00f3 con normalidad en el predio de Villa Dom\u00ednico. Hubo f\u00fatbol en espacios reducidos y trabajos diferenciados para quienes se recuperan de sus lesiones. Todos los predios y sedes de Independiente permanecieron cerrados ya que el gremio de UTEDYC se adhiri\u00f3 al paro [&hellip;]<\/p>\n","protected":false},"author":1,"featured_media":51692,"comment_status":"open","ping_status":"closed","sticky":false,"template":"","format":"standard","meta":{"_links_to":"","_links_to_target":""},"categories":[3,1],"tags":[26,40,2724,2720,258,172],"_links":{"self":[{"href":"https:\/\/www.locoxelrojo.com\/independiente\/wp-json\/wp\/v2\/posts\/51689"}],"collection":[{"href":"https:\/\/www.locoxelrojo.com\/independiente\/wp-json\/wp\/v2\/posts"}],"about":[{"href":"https:\/\/www.locoxelrojo.com\/independiente\/wp-json\/wp\/v2\/types\/post"}],"author":[{"embeddable":true,"href":"https:\/\/www.locoxelrojo.com\/independiente\/wp-json\/wp\/v2\/users\/1"}],"replies":[{"embeddable":true,"href":"https:\/\/www.locoxelrojo.com\/independiente\/wp-json\/wp\/v2\/comments?post=51689"}],"version-history":[{"count":0,"href":"https:\/\/www.locoxelrojo.com\/independiente\/wp-json\/wp\/v2\/posts\/51689\/revisions"}],"wp:featuredmedia":[{"embeddable":true,"href":"https:\/\/www.locoxelrojo.com\/independiente\/wp-json\/wp\/v2\/media\/51692"}],"wp:attachment":[{"href":"https:\/\/www.locoxelrojo.com\/independiente\/wp-json\/wp\/v2\/media?parent=51689"}],"wp:term":[{"taxonomy":"category","embeddable":true,"href":"https:\/\/www.locoxelrojo.com\/independiente\/wp-json\/wp\/v2\/categories?post=51689"},{"taxonomy":"post_tag","embeddable":true,"href":"https:\/\/www.locoxelrojo.com\/independiente\/wp-json\/wp\/v2\/tags?post=51689"}],"curies":[{"name":"wp","href":"https:\/\/api.w.org\/{rel}","templated":true}]}}