{"id":51877,"date":"2015-04-08T13:15:26","date_gmt":"2015-04-08T16:15:26","guid":{"rendered":"http:\/\/www.locoxelrojo.com\/independiente\/?p=51877"},"modified":"2015-04-08T14:25:59","modified_gmt":"2015-04-08T17:25:59","slug":"almiron-sorprendio-con-varios-cambios","status":"publish","type":"post","link":"https:\/\/www.locoxelrojo.com\/independiente\/2015\/04\/08\/almiron-sorprendio-con-varios-cambios\/","title":{"rendered":"Almir\u00f3n sorprendi\u00f3 con varios cambios"},"content":{"rendered":"<p>El plantel de Independiente volvi\u00f3 a entrenarse este mi\u00e9rcoles por la ma\u00f1ana en el predio de Villa Dom\u00ednico de cara al partido ante San Lorenzo.<strong> Jorge Almir\u00f3n organiz\u00f3 trabajos t\u00e1cticos y sorprendi\u00f3 con varios cambios<\/strong>.<\/p>\n<p>Tras una primera tanda de <strong>ejercicios con pelota<\/strong>, el entrenador dispuso una pr\u00e1ctica de <strong>f\u00fatbol en espacio reducido<\/strong>. En una de las tareas,<strong> Almir\u00f3n par\u00f3 dos equipos y realiz\u00f3 tres variantes en el conjunto titular<\/strong>.<\/p>\n<p>Adem\u00e1s del ingreso de <strong>Federico Mancuello<\/strong>, quien ya puede entrenarse con normalidad, <strong>el DT sac\u00f3 a Emanuel Aguilera, Mat\u00edas Pisano y Mart\u00edn Ben\u00edtez y puso en su lugar a Cristian Tula, Gabriel Graciani y Christian Ort\u00edz<\/strong>. L\u00f3gicamente, todav\u00eda no se puede dar por hecho que estos cambios sean definitivos.<\/p>\n<p>Por su parte, <strong>Germ\u00e1n Montoya, Gabriel Vall\u00e9s y Juan Mart\u00edn Lucero volvieron a entrenarse al margen del grupo<\/strong> y realizaron ejercicios de rehabilitaci\u00f3n junto a los kinesi\u00f3logos y el m\u00e9dico del plantel.<\/p>\n<p><strong>El plantel volver\u00e1 a entrenarse este jueves en el Libertadores de Am\u00e9rica<\/strong>, donde se llevar\u00e1 a cabo la pr\u00e1ctica de f\u00fatbol formal y habr\u00e1 m\u00e1s certezas del equipo que enfrentar\u00e1 a San Lorenzo.<\/p>\n","protected":false},"excerpt":{"rendered":"<p>El plantel de Independiente volvi\u00f3 a entrenarse este mi\u00e9rcoles por la ma\u00f1ana en el predio de Villa Dom\u00ednico de cara al partido ante San Lorenzo. Jorge Almir\u00f3n organiz\u00f3 trabajos t\u00e1cticos y sorprendi\u00f3 con varios cambios. Tras una primera tanda de ejercicios con pelota, el entrenador dispuso una pr\u00e1ctica de f\u00fatbol en espacio reducido. En una [&hellip;]<\/p>\n","protected":false},"author":8,"featured_media":50142,"comment_status":"open","ping_status":"closed","sticky":false,"template":"","format":"standard","meta":{"_links_to":"","_links_to_target":""},"categories":[3,1],"tags":[2356,1615,26,2890,172],"_links":{"self":[{"href":"https:\/\/www.locoxelrojo.com\/independiente\/wp-json\/wp\/v2\/posts\/51877"}],"collection":[{"href":"https:\/\/www.locoxelrojo.com\/independiente\/wp-json\/wp\/v2\/posts"}],"about":[{"href":"https:\/\/www.locoxelrojo.com\/independiente\/wp-json\/wp\/v2\/types\/post"}],"author":[{"embeddable":true,"href":"https:\/\/www.locoxelrojo.com\/independiente\/wp-json\/wp\/v2\/users\/8"}],"replies":[{"embeddable":true,"href":"https:\/\/www.locoxelrojo.com\/independiente\/wp-json\/wp\/v2\/comments?post=51877"}],"version-history":[{"count":0,"href":"https:\/\/www.locoxelrojo.com\/independiente\/wp-json\/wp\/v2\/posts\/51877\/revisions"}],"wp:featuredmedia":[{"embeddable":true,"href":"https:\/\/www.locoxelrojo.com\/independiente\/wp-json\/wp\/v2\/media\/50142"}],"wp:attachment":[{"href":"https:\/\/www.locoxelrojo.com\/independiente\/wp-json\/wp\/v2\/media?parent=51877"}],"wp:term":[{"taxonomy":"category","embeddable":true,"href":"https:\/\/www.locoxelrojo.com\/independiente\/wp-json\/wp\/v2\/categories?post=51877"},{"taxonomy":"post_tag","embeddable":true,"href":"https:\/\/www.locoxelrojo.com\/independiente\/wp-json\/wp\/v2\/tags?post=51877"}],"curies":[{"name":"wp","href":"https:\/\/api.w.org\/{rel}","templated":true}]}}