{"id":51887,"date":"2015-04-09T10:00:47","date_gmt":"2015-04-09T13:00:47","guid":{"rendered":"http:\/\/www.locoxelrojo.com\/independiente\/?p=51887"},"modified":"2015-04-10T00:02:45","modified_gmt":"2015-04-10T03:02:45","slug":"a-20-anos-de-la-recopa-1995","status":"publish","type":"post","link":"https:\/\/www.locoxelrojo.com\/independiente\/2015\/04\/09\/a-20-anos-de-la-recopa-1995\/","title":{"rendered":"A 20 a\u00f1os de la Recopa 1995"},"content":{"rendered":"<p>Este jueves 9 de abril de 2015 de cumplen 20 a\u00f1os de la \u00faltima vez que Independiente se consagr\u00f3 campe\u00f3n en Jap\u00f3n. <strong>Hace exactamente dos d\u00e9cadas, el equipo de Miguel \u00c1ngel Brindisi le ganaba 1-0 al V\u00e9lez de Carlos Bianchi y se quedaba con la Recopa Sudamericana de 1995<\/strong>.<\/p>\n<p>El Rojo -campe\u00f3n de la Supercopa de 1994- y el Fort\u00edn -ganador de la Copa Libertadores de 1994- jugaron una <strong>final a partido \u00fanico en el Estadio Ol\u00edmpico de Tokio<\/strong> ante unas 25.000 personas.<\/p>\n<p>Ese d\u00eda, Brindisi puso en cancha a <strong>Luis Islas; Juan Carlos Ram\u00edrez, Claudio Arzeno, Guillermo R\u00edos, Jos\u00e9 Tiburcio Serrizuela; Diego Cagna, Alfredo Cascini, Jorge Burruchaga; Daniel Garnero; Albeiro Usuriaga y Sebasti\u00e1n Rambert<\/strong>.<\/p>\n<p><strong>A los 24 minutos del segundo tiempo, Serrizuela anot\u00f3 el \u00fanico gol del partido<\/strong> que le permiti\u00f3 a Independiente alzarse con la Recopa. <strong>Fue el 14\u00ba t\u00edtulo internacional del Rojo y la segunda y \u00faltima consagraci\u00f3n en Jap\u00f3n<\/strong>, despu\u00e9s del t\u00edtulo ante el Liverpool ingl\u00e9s en 1984.<\/p>\n","protected":false},"excerpt":{"rendered":"<p>Este jueves 9 de abril de 2015 de cumplen 20 a\u00f1os de la \u00faltima vez que Independiente se consagr\u00f3 campe\u00f3n en Jap\u00f3n. Hace exactamente dos d\u00e9cadas, el equipo de Miguel \u00c1ngel Brindisi le ganaba 1-0 al V\u00e9lez de Carlos Bianchi y se quedaba con la Recopa Sudamericana de 1995. El Rojo -campe\u00f3n de la Supercopa [&hellip;]<\/p>\n","protected":false},"author":8,"featured_media":51889,"comment_status":"open","ping_status":"closed","sticky":false,"template":"","format":"standard","meta":{"_links_to":"","_links_to_target":""},"categories":[3,1,356],"tags":[153,2929,485,2928,213],"_links":{"self":[{"href":"https:\/\/www.locoxelrojo.com\/independiente\/wp-json\/wp\/v2\/posts\/51887"}],"collection":[{"href":"https:\/\/www.locoxelrojo.com\/independiente\/wp-json\/wp\/v2\/posts"}],"about":[{"href":"https:\/\/www.locoxelrojo.com\/independiente\/wp-json\/wp\/v2\/types\/post"}],"author":[{"embeddable":true,"href":"https:\/\/www.locoxelrojo.com\/independiente\/wp-json\/wp\/v2\/users\/8"}],"replies":[{"embeddable":true,"href":"https:\/\/www.locoxelrojo.com\/independiente\/wp-json\/wp\/v2\/comments?post=51887"}],"version-history":[{"count":0,"href":"https:\/\/www.locoxelrojo.com\/independiente\/wp-json\/wp\/v2\/posts\/51887\/revisions"}],"wp:featuredmedia":[{"embeddable":true,"href":"https:\/\/www.locoxelrojo.com\/independiente\/wp-json\/wp\/v2\/media\/51889"}],"wp:attachment":[{"href":"https:\/\/www.locoxelrojo.com\/independiente\/wp-json\/wp\/v2\/media?parent=51887"}],"wp:term":[{"taxonomy":"category","embeddable":true,"href":"https:\/\/www.locoxelrojo.com\/independiente\/wp-json\/wp\/v2\/categories?post=51887"},{"taxonomy":"post_tag","embeddable":true,"href":"https:\/\/www.locoxelrojo.com\/independiente\/wp-json\/wp\/v2\/tags?post=51887"}],"curies":[{"name":"wp","href":"https:\/\/api.w.org\/{rel}","templated":true}]}}