{"id":52401,"date":"2015-04-28T13:15:55","date_gmt":"2015-04-28T16:15:55","guid":{"rendered":"http:\/\/www.locoxelrojo.com\/independiente\/?p=52401"},"modified":"2015-04-28T23:47:02","modified_gmt":"2015-04-29T02:47:02","slug":"almiron-no-voy-a-forzar-nada-a-mi-no-me-atan-los-contratos","status":"publish","type":"post","link":"https:\/\/www.locoxelrojo.com\/independiente\/2015\/04\/28\/almiron-no-voy-a-forzar-nada-a-mi-no-me-atan-los-contratos\/","title":{"rendered":"Almir\u00f3n: &#8220;No voy a forzar nada, a m\u00ed no me atan los contratos&#8221;"},"content":{"rendered":"<p>Una vez finalizado el entrenamiento del martes,<strong> Jorge Almir\u00f3n<\/strong> brind\u00f3 una conferencia de prensa ante los periodistas en Villa Dom\u00ednico. El entrenador de Independiente <strong>habl\u00f3 sobre su continuidad a cargo del equipo y se mostr\u00f3 confiado en poder revertir este presente<\/strong> el pr\u00f3ximo domingo cuando visite a Banfield.<\/p>\n<p><strong>&#8220;Las conclusiones las sacan los que nos contratan. Se vienen tres partidos importantes. Este es un equipo grande y la visi\u00f3n de los directivos es mantener un proyecto. Yo no voy a forzar nada, no tengo necesidad de hacerlo. No me atan los contratos&#8221;<\/strong>, coment\u00f3 sobre su futuro inmediato.<\/p>\n<p>Por otra parte, dio su punto de vista sobre el momento que est\u00e1 viviendo el equipo: <strong>&#8220;Todos los equipos cuando se van armando sufren de estos momentos, todo depende de la fortaleza del equipo y adem\u00e1s el jugador de f\u00fatbol siempre intenta jugar bien&#8221;<\/strong>. Adem\u00e1s, reconoci\u00f3 a los jugadores por confiar en su idea de juego: <strong>&#8220;Los jugadores sostuvieron la idea, a\u00fan cuando no sali\u00f3. Creo que es el camino, aunque sabemos que no es f\u00e1cil&#8221;<\/strong>.<\/p>\n<p><strong>&#8220;Decidimos darle la oportunidad a algunos muchachos que no ven\u00edan jugando. No me arrepiento de lo hecho y me puso contento lo de Ort\u00edz&#8221;<\/strong>, explic\u00f3 sobre el equipo que puso en cancha ante Alianza Coronel Moldes el domingo pasado. Y agreg\u00f3:<strong> &#8220;El rival hizo un buen partido. Si nos ganaban no era raro. Ahora hay que cambiar la hoja y darle para adelante&#8221;<\/strong>.<\/p>\n<p>Por \u00faltimo, explic\u00f3 la charla que tuvo con sus jugadores hoy por la ma\u00f1ana: <strong>&#8220;Busqu\u00e9 hablar para que el plantel est\u00e9 tranquilo, cerrar lo del partido pasado y mirar para adelante&#8221;<\/strong>. Y r\u00e1pidamente habl\u00f3 sobre el pr\u00f3ximo compromiso: <strong>&#8220;Estamos preparando el partido del domingo. Pienso en generar confianza para el partido con Banfield&#8221;<\/strong>.<\/p>\n","protected":false},"excerpt":{"rendered":"<p>Una vez finalizado el entrenamiento del martes, Jorge Almir\u00f3n brind\u00f3 una conferencia de prensa ante los periodistas en Villa Dom\u00ednico. El entrenador de Independiente habl\u00f3 sobre su continuidad a cargo del equipo y se mostr\u00f3 confiado en poder revertir este presente el pr\u00f3ximo domingo cuando visite a Banfield. &#8220;Las conclusiones las sacan los que nos [&hellip;]<\/p>\n","protected":false},"author":14,"featured_media":51740,"comment_status":"open","ping_status":"closed","sticky":false,"template":"","format":"standard","meta":{"_links_to":"","_links_to_target":""},"categories":[3,1],"tags":[2724],"_links":{"self":[{"href":"https:\/\/www.locoxelrojo.com\/independiente\/wp-json\/wp\/v2\/posts\/52401"}],"collection":[{"href":"https:\/\/www.locoxelrojo.com\/independiente\/wp-json\/wp\/v2\/posts"}],"about":[{"href":"https:\/\/www.locoxelrojo.com\/independiente\/wp-json\/wp\/v2\/types\/post"}],"author":[{"embeddable":true,"href":"https:\/\/www.locoxelrojo.com\/independiente\/wp-json\/wp\/v2\/users\/14"}],"replies":[{"embeddable":true,"href":"https:\/\/www.locoxelrojo.com\/independiente\/wp-json\/wp\/v2\/comments?post=52401"}],"version-history":[{"count":0,"href":"https:\/\/www.locoxelrojo.com\/independiente\/wp-json\/wp\/v2\/posts\/52401\/revisions"}],"wp:featuredmedia":[{"embeddable":true,"href":"https:\/\/www.locoxelrojo.com\/independiente\/wp-json\/wp\/v2\/media\/51740"}],"wp:attachment":[{"href":"https:\/\/www.locoxelrojo.com\/independiente\/wp-json\/wp\/v2\/media?parent=52401"}],"wp:term":[{"taxonomy":"category","embeddable":true,"href":"https:\/\/www.locoxelrojo.com\/independiente\/wp-json\/wp\/v2\/categories?post=52401"},{"taxonomy":"post_tag","embeddable":true,"href":"https:\/\/www.locoxelrojo.com\/independiente\/wp-json\/wp\/v2\/tags?post=52401"}],"curies":[{"name":"wp","href":"https:\/\/api.w.org\/{rel}","templated":true}]}}