{"id":52464,"date":"2015-05-01T16:55:35","date_gmt":"2015-05-01T19:55:35","guid":{"rendered":"http:\/\/www.locoxelrojo.com\/independiente\/?p=52464"},"modified":"2015-05-04T20:45:39","modified_gmt":"2015-05-04T23:45:39","slug":"almiron-todos-tienen-la-chance-de-mostrarse-de-cara-al-domingo","status":"publish","type":"post","link":"https:\/\/www.locoxelrojo.com\/independiente\/2015\/05\/01\/almiron-todos-tienen-la-chance-de-mostrarse-de-cara-al-domingo\/","title":{"rendered":"Almir\u00f3n: &#8220;Todos tienen la chance de mostrarse de cara al domingo&#8221;"},"content":{"rendered":"<p><strong>Jorge Almir\u00f3n<\/strong> habl\u00f3 con la prensa despu\u00e9s del entrenamiento de este viernes y confirm\u00f3 <strong>que a\u00fan no tiene el equipo definido y que todos los jugadores tienen su chance de mostrarse de cara al domingo<\/strong>. Adem\u00e1s, <strong>aclar\u00f3 la salida de Mat\u00edas Pisano del once titular.<\/strong><\/p>\n<p><strong>\u201cEstoy probando a todos. Todos tienen la chance de mostrarse de cara al domingo. Tengo un d\u00eda m\u00e1s para decidir a los titulares. Ma\u00f1ana tengo un \u00faltimo entrenamiento\u201d<\/strong>, expres\u00f3 el DT en conferencia de prensa, y agreg\u00f3:<strong> \u201cPisano estuvo, luego no estuvo, pero todos se mostraron, me voy a tomar un d\u00eda m\u00e1s. Ya tengo el equipo claro, pero todav\u00eda no se los dije a los jugadores. Tengo un d\u00eda m\u00e1s para tomar algunas decisiones\u201d<\/strong>.<\/p>\n<p><strong>\u201cEst\u00e1n todos bien, hablamos de varias cuestiones, de c\u00f3mo se siente cada uno, que sepan la funci\u00f3n que deben cumplir, porque se vienen partidos importantes y tienen que estar todos bien, saber que cualquiera puede estar cerca de jugar\u201d<\/strong>, manifest\u00f3.<\/p>\n<p>En cuanto al pr\u00f3ximo rival, dijo: <strong>\u201cBanfield se siente c\u00f3modo jugando mano a mano y lo hace en todos los partidos. Tiene un plantel dise\u00f1ado para hacer eso. Almeyda y sus jugadores est\u00e1n convencidos de eso y no creo que vayan a cambiar por jugar con nosotros. Seguramente en alg\u00fan momento vaya a plantearse situaciones mano a mano. Va a ser un buen partido para ver, para observar. Uno puede pensar que estos rivales nos benefician, porque puede ser un partido abierto, pero depender\u00e1 de nuestra capacidad\u201d<\/strong>.<\/p>\n<p>Luego, se refiri\u00f3 a su situaci\u00f3n personal, de cara el fin de semana: <strong>&#8220;Yo estoy igual que el primer d\u00eda. Dirigentes han venido siempre, tambi\u00e9n cuando hemos ganado, pero ah\u00ed quiz\u00e1s no se percibe. Ahora que no se dan los resultados, se est\u00e1 m\u00e1s atento a todos los movimientos&#8221;<\/strong>. Tambi\u00e9n, explic\u00f3 por qu\u00e9 se decidi\u00f3 trasladar la concentraci\u00f3n del plantel profesional a Luj\u00e1n: <strong>&#8220;Nos ofrecieron concentrar hoy, el profe fue a ver el lugar y gust\u00f3, as\u00ed que tomamos esa posibilidad. Siempre hemos tenido el apoyo y la presencia de la dirigencia. Est\u00e1n apoyando desde el primer d\u00eda y es un trabajo en equipo\u201d<\/strong>.<\/p>\n<p>Para finalizar, tuvo palabra de elogios para Christian Ort\u00edz, aunque aclar\u00f3 que por ahora no tiene un lugar dentro de los concentrados. <strong>\u201cJug\u00f3 muy bien, estoy contento por \u00e9l, pero va a jugar en Reserva. No quiere decir que est\u00e9 afuera, pero debe seguir el proceso l\u00f3gico y seguir trabajando porque seguramente va a tener m\u00e1s oportunidades\u201d<\/strong>, cerr\u00f3.<\/p>\n","protected":false},"excerpt":{"rendered":"<p>Jorge Almir\u00f3n habl\u00f3 con la prensa despu\u00e9s del entrenamiento de este viernes y confirm\u00f3 que a\u00fan no tiene el equipo definido y que todos los jugadores tienen su chance de mostrarse de cara al domingo. Adem\u00e1s, aclar\u00f3 la salida de Mat\u00edas Pisano del once titular. \u201cEstoy probando a todos. Todos tienen la chance de mostrarse [&hellip;]<\/p>\n","protected":false},"author":1,"featured_media":52468,"comment_status":"open","ping_status":"closed","sticky":false,"template":"","format":"standard","meta":{"_links_to":"","_links_to_target":""},"categories":[3,1],"tags":[2724],"_links":{"self":[{"href":"https:\/\/www.locoxelrojo.com\/independiente\/wp-json\/wp\/v2\/posts\/52464"}],"collection":[{"href":"https:\/\/www.locoxelrojo.com\/independiente\/wp-json\/wp\/v2\/posts"}],"about":[{"href":"https:\/\/www.locoxelrojo.com\/independiente\/wp-json\/wp\/v2\/types\/post"}],"author":[{"embeddable":true,"href":"https:\/\/www.locoxelrojo.com\/independiente\/wp-json\/wp\/v2\/users\/1"}],"replies":[{"embeddable":true,"href":"https:\/\/www.locoxelrojo.com\/independiente\/wp-json\/wp\/v2\/comments?post=52464"}],"version-history":[{"count":0,"href":"https:\/\/www.locoxelrojo.com\/independiente\/wp-json\/wp\/v2\/posts\/52464\/revisions"}],"wp:featuredmedia":[{"embeddable":true,"href":"https:\/\/www.locoxelrojo.com\/independiente\/wp-json\/wp\/v2\/media\/52468"}],"wp:attachment":[{"href":"https:\/\/www.locoxelrojo.com\/independiente\/wp-json\/wp\/v2\/media?parent=52464"}],"wp:term":[{"taxonomy":"category","embeddable":true,"href":"https:\/\/www.locoxelrojo.com\/independiente\/wp-json\/wp\/v2\/categories?post=52464"},{"taxonomy":"post_tag","embeddable":true,"href":"https:\/\/www.locoxelrojo.com\/independiente\/wp-json\/wp\/v2\/tags?post=52464"}],"curies":[{"name":"wp","href":"https:\/\/api.w.org\/{rel}","templated":true}]}}