{"id":5262,"date":"2011-02-26T16:00:59","date_gmt":"2011-02-26T19:00:59","guid":{"rendered":"http:\/\/www.locoxelrojo.com.ar\/independiente\/?p=5262"},"modified":"2015-09-09T20:25:38","modified_gmt":"2015-09-09T23:25:38","slug":"un-pato-feliz","status":"publish","type":"post","link":"https:\/\/www.locoxelrojo.com\/independiente\/2011\/02\/26\/un-pato-feliz\/","title":{"rendered":"Patricio Rodr\u00edguez est\u00e1 feliz"},"content":{"rendered":"<p><a href=\"http:\/\/www.locoxelrojo.com.ar\/independiente\/wp-content\/uploads\/2011\/02\/patricio_rodriguez1.jpg\"><img loading=\"lazy\" class=\"alignnone size-full wp-image-5263\" title=\"patricio_rodriguez\" src=\"http:\/\/www.locoxelrojo.com.ar\/independiente\/wp-content\/uploads\/2011\/02\/patricio_rodriguez1.jpg\" alt=\"\" width=\"590\" height=\"315\" srcset=\"https:\/\/locoxelrojo.com\/independiente\/wp-content\/uploads\/2011\/02\/patricio_rodriguez1.jpg 590w, https:\/\/locoxelrojo.com\/independiente\/wp-content\/uploads\/2011\/02\/patricio_rodriguez1-300x160.jpg 300w\" sizes=\"(max-width: 590px) 100vw, 590px\" \/><\/a><\/p>\n<p>Todo parece indicar que Patricio Rodr\u00edguez reemplazar\u00e1 a Facundo Parra entre los 11 titulares frente a River Plate. As\u00ed lo inform\u00f3 por la ma\u00f1ana Renato Della Paollera en Radio La Red. Rodr\u00edguez hab\u00eda declarado post Pe\u00f1arol que hac\u00eda tres a\u00f1os que estaba en el club y no lograba tener continuidad.<\/p>\n<p>Por ende, para repetir rendimientos similares a los de Pe\u00f1arol, lo \u00fanico necesario era jugar. Mohamed le dar\u00e1 la chance en una parada clave de cara a lo que se viene. Gane o pierda, Independiente ir\u00e1 a la altura de Quito -viaja el martes en vuelo charter hacia Guayaquil- con un equipo que tendr\u00e1 al menos 7 variantes respecto a los jugadores que enfrenten a River.<\/p>\n<p><strong><em>Escuch\u00e1 a Rodr\u00edguez:<\/em><\/strong><\/p>\n<p><object style=\"height: 315px; width: 590px;\" width=\"100\" height=\"100\" classid=\"clsid:d27cdb6e-ae6d-11cf-96b8-444553540000\" codebase=\"http:\/\/download.macromedia.com\/pub\/shockwave\/cabs\/flash\/swflash.cab#version=6,0,40,0\"><param name=\"allowFullScreen\" value=\"true\" \/><param name=\"allowScriptAccess\" value=\"always\" \/><param name=\"src\" value=\"http:\/\/www.youtube.com\/v\/KBASAgrSrD4?version=3\" \/><param name=\"allowfullscreen\" value=\"true\" \/><embed style=\"height: 315px; width: 590px;\" type=\"application\/x-shockwave-flash\" width=\"100\" height=\"100\" src=\"http:\/\/www.youtube.com\/v\/KBASAgrSrD4?version=3\" allowscriptaccess=\"always\" allowfullscreen=\"true\"><\/embed><\/object><\/p>\n","protected":false},"excerpt":{"rendered":"<p>Todo parece indicar que Patricio Rodr\u00edguez reemplazar\u00e1 a Facundo Parra entre los 11 titulares frente a River Plate. As\u00ed lo inform\u00f3 por la ma\u00f1ana Renato Della Paollera en Radio La Red. Rodr\u00edguez hab\u00eda declarado post Pe\u00f1arol que hac\u00eda tres a\u00f1os que estaba en el club y no lograba tener continuidad. Por ende, para repetir rendimientos [&hellip;]<\/p>\n","protected":false},"author":1,"featured_media":0,"comment_status":"open","ping_status":"open","sticky":false,"template":"","format":"standard","meta":{"_links_to":"","_links_to_target":""},"categories":[3,1],"tags":[115,153,36,41,444],"_links":{"self":[{"href":"https:\/\/www.locoxelrojo.com\/independiente\/wp-json\/wp\/v2\/posts\/5262"}],"collection":[{"href":"https:\/\/www.locoxelrojo.com\/independiente\/wp-json\/wp\/v2\/posts"}],"about":[{"href":"https:\/\/www.locoxelrojo.com\/independiente\/wp-json\/wp\/v2\/types\/post"}],"author":[{"embeddable":true,"href":"https:\/\/www.locoxelrojo.com\/independiente\/wp-json\/wp\/v2\/users\/1"}],"replies":[{"embeddable":true,"href":"https:\/\/www.locoxelrojo.com\/independiente\/wp-json\/wp\/v2\/comments?post=5262"}],"version-history":[{"count":0,"href":"https:\/\/www.locoxelrojo.com\/independiente\/wp-json\/wp\/v2\/posts\/5262\/revisions"}],"wp:attachment":[{"href":"https:\/\/www.locoxelrojo.com\/independiente\/wp-json\/wp\/v2\/media?parent=5262"}],"wp:term":[{"taxonomy":"category","embeddable":true,"href":"https:\/\/www.locoxelrojo.com\/independiente\/wp-json\/wp\/v2\/categories?post=5262"},{"taxonomy":"post_tag","embeddable":true,"href":"https:\/\/www.locoxelrojo.com\/independiente\/wp-json\/wp\/v2\/tags?post=5262"}],"curies":[{"name":"wp","href":"https:\/\/api.w.org\/{rel}","templated":true}]}}