{"id":5267,"date":"2011-02-26T10:00:14","date_gmt":"2011-02-26T12:00:14","guid":{"rendered":"http:\/\/www.locoxelrojo.com.ar\/independiente\/?p=5267"},"modified":"2011-02-26T17:30:56","modified_gmt":"2011-02-26T19:30:56","slug":"el-castigador-volvio-mas-aspero-que-nunca","status":"publish","type":"post","link":"https:\/\/www.locoxelrojo.com\/independiente\/2011\/02\/26\/el-castigador-volvio-mas-aspero-que-nunca\/","title":{"rendered":"El castigador volvi\u00f3 m\u00e1s \u00e1spero que nunca"},"content":{"rendered":"<p><a href=\"http:\/\/www.locoxelrojo.com.ar\/independiente\/wp-content\/uploads\/2011\/02\/mareque.jpg\"><img loading=\"lazy\" class=\"alignnone size-full wp-image-5268\" title=\"mareque\" src=\"http:\/\/www.locoxelrojo.com.ar\/independiente\/wp-content\/uploads\/2011\/02\/mareque.jpg\" alt=\"\" width=\"590\" height=\"315\" srcset=\"https:\/\/locoxelrojo.com\/independiente\/wp-content\/uploads\/2011\/02\/mareque.jpg 590w, https:\/\/locoxelrojo.com\/independiente\/wp-content\/uploads\/2011\/02\/mareque-300x160.jpg 300w\" sizes=\"(max-width: 590px) 100vw, 590px\" \/><\/a><\/p>\n<p>Para los que no lo conocen, el castigador es justiciero por naturaleza. Enmascarado y sin dar la cara le gusta contar verdades del Club Atl\u00e9tico Independiente. LocoxelRojo no se hace responsable por los dichos de este hincha. Si queres mandar el tuyo podes hacerlo a lxrweb@locoxelrojo.com.ar . No hace falta que dejes tu nombre, este hincha no quiso hacerlo.<\/p>\n<p>&#8220;LA MANZANA PODRIDA ES MAREQUE&#8221; \u00a1S\u00ed se\u00f1ores!,es la manzana podrida, la persona negativa dentro del plantel de f\u00fatbol profesional del CLUB ATL\u00c9TICO INDEPENDIENTE.<\/p>\n<p>Es una mala persona, solo tenemos que recordar que t\u00e9cnicos de la embergadura de PEP\u00c9 SANTORO y EL TOLO GALLEGO la primer medida que tomaron fue apartar a este personaje siniestro del plantel.<\/p>\n<p>\u00bfA ustedes les parece que se pueden haber equivocado los 2 en apartar al mismo jugador?<br \/>\nEste marcador lateral que NO MARCA se fue de la Argentina sin haber sido titular en un RIVER devastado. No jugaba nunca y luego de un paso fugaz por el futbol europeo (por supuesto sin jugar nuevamente) llego al rojo, para ocasionarle todo tipo de caprichos y problemas.<\/p>\n<p>\u00bfQui\u00e9n se piensa que es este mediocre jugador de cuerpo de extra\u00f1o y piernas cortas? Paso a enumerar infinidades de cagadas que a nosotros nos han costado l\u00e1grimas y much\u00edsimos dolores de cabeza:<\/p>\n<p>-Contra los hijos bobos a los 47 minutos del segundo tiempo dej\u00f3 cabecear a Franco Sosa para que nos empaten los empleados.<br \/>\n-Contra los pincha ratas err\u00f3 el penal decisivo de la serie para eliminarlos de la Copa Sudamericana.<br \/>\n-Contra Banfield cabece\u00f3 hacia atr\u00e1s para que el taladro nos empate (pele\u00e1bamos el campeonato justo contra ellos).<br \/>\n-Contra el lobo en La Plata cerr\u00f3 mal para que Marco P\u00e9rez nos convirtiera el segundo y el rojo perdiera ese d\u00eda.<br \/>\n-Contra San Lorenzo, 4 d\u00edas despu\u00e9s del partido en La Plata, sobr\u00f3 una jugada sin riesgo y entreg\u00f3 de forma insolita el corner para que los cuervos conviertieran en gol. El detalle: No hac\u00edan goles hace 8 partidos.<br \/>\n-Contra Argentinos Juniors en la Paternal se equivoc\u00f3 en el primero, en el tercero y en el cuarto. Argentinos sali\u00f3 campe\u00f3n pero del rojo se fueron Vella y Acevedo \u00bfQu\u00e9 ten\u00eda que ver el &#8220;tano&#8221; Vella con quien el Tolo se agarr\u00f3 en el vestuario por errores ajenos?<br \/>\n-Contra el Goi\u00e1s en Brasil, 2 cagadas del se\u00f1or MAREQUE nos dieron la derrota.<\/p>\n<p>\u00bfQUIEREN M\u00c1S?<\/p>\n<p>Bueno ac\u00e1 lo tienen: dos glorias del nuestro club como EL CHIVO PAVONI Y PANCHO S\u00c1, fueron insultados por este muchacho de cuerpo extra\u00f1o cuando lo sacaron en el Estadio Centenario, durante el partido de ida por la Sudamericana contra Defensor Sporting.<\/p>\n<p>Por todas estas increibles razones y porque quiere quedar LIBRE en junio, les digo de forma CATEG\u00d3RIGA que LUCAS ARMANDO MAREQUE ES LA MANZANA PODRIDA.<\/p>\n<p>Por el bien de nuestro equipo le solicito al se\u00f1or JULIO COMPARADA que separe del plantel a este bastardo HINCHA DE RACING, S\u00cd HINCHA DE RACING y le demos oportunidad a otros jugadores que tengan hambre de gloria y ganas de jugar.<\/p>\n<p>EL CASTIGADOR RELOADED<\/p>\n","protected":false},"excerpt":{"rendered":"<p>Para los que no lo conocen, el castigador es justiciero por naturaleza. Enmascarado y sin dar la cara le gusta contar verdades del Club Atl\u00e9tico Independiente. LocoxelRojo no se hace responsable por los dichos de este hincha. Si queres mandar el tuyo podes hacerlo a lxrweb@locoxelrojo.com.ar . No hace falta que dejes tu nombre, este [&hellip;]<\/p>\n","protected":false},"author":1,"featured_media":0,"comment_status":"open","ping_status":"open","sticky":false,"template":"","format":"standard","meta":{"_links_to":"","_links_to_target":""},"categories":[1],"tags":[153,69],"_links":{"self":[{"href":"https:\/\/www.locoxelrojo.com\/independiente\/wp-json\/wp\/v2\/posts\/5267"}],"collection":[{"href":"https:\/\/www.locoxelrojo.com\/independiente\/wp-json\/wp\/v2\/posts"}],"about":[{"href":"https:\/\/www.locoxelrojo.com\/independiente\/wp-json\/wp\/v2\/types\/post"}],"author":[{"embeddable":true,"href":"https:\/\/www.locoxelrojo.com\/independiente\/wp-json\/wp\/v2\/users\/1"}],"replies":[{"embeddable":true,"href":"https:\/\/www.locoxelrojo.com\/independiente\/wp-json\/wp\/v2\/comments?post=5267"}],"version-history":[{"count":0,"href":"https:\/\/www.locoxelrojo.com\/independiente\/wp-json\/wp\/v2\/posts\/5267\/revisions"}],"wp:attachment":[{"href":"https:\/\/www.locoxelrojo.com\/independiente\/wp-json\/wp\/v2\/media?parent=5267"}],"wp:term":[{"taxonomy":"category","embeddable":true,"href":"https:\/\/www.locoxelrojo.com\/independiente\/wp-json\/wp\/v2\/categories?post=5267"},{"taxonomy":"post_tag","embeddable":true,"href":"https:\/\/www.locoxelrojo.com\/independiente\/wp-json\/wp\/v2\/tags?post=5267"}],"curies":[{"name":"wp","href":"https:\/\/api.w.org\/{rel}","templated":true}]}}