{"id":52801,"date":"2015-05-14T13:00:05","date_gmt":"2015-05-14T16:00:05","guid":{"rendered":"http:\/\/www.locoxelrojo.com\/independiente\/?p=52801"},"modified":"2015-05-14T21:55:26","modified_gmt":"2015-05-15T00:55:26","slug":"empezo-a-probar","status":"publish","type":"post","link":"https:\/\/www.locoxelrojo.com\/independiente\/2015\/05\/14\/empezo-a-probar\/","title":{"rendered":"Empez\u00f3 a probar"},"content":{"rendered":"<p>El plantel de Independiente sigue con su preparaci\u00f3n en Villa Dom\u00ednico, con la certeza de que tendr\u00e1 que esperar una semana m\u00e1s para jugar el Cl\u00e1sico de Avellaneda. <strong>Jorge Almir\u00f3n prob\u00f3 un equipo por primera vez en la semana<\/strong>.<\/p>\n<p>La pr\u00e1ctica consisti\u00f3 en ejercicios f\u00edsicos y movimientos t\u00e1cticos. <strong>El entrenador comenz\u00f3 a probar la formaci\u00f3n que enfrentar\u00e1 a Racing, sabiendo que posiblemente podr\u00e1 contar con Claudio Ria\u00f1o y Gustavo Toledo<\/strong>. El delantero ya se entrena a la par, mientras que el defensor aprovechar\u00e1 el \u2018parate\u2019 para ponerse a punto y llegar en condiciones al cl\u00e1sico.<\/p>\n<p>Almir\u00f3n realiz\u00f3 una sola modificaci\u00f3n con respecto al partido ante Boca: le devolvi\u00f3 la titularidad a <strong>V\u00edctor Cuesta -ya cumpli\u00f3 la fecha de suspensi\u00f3n- en lugar de Emanuel Aguilera<\/strong>. Los once que par\u00f3 el DT fueron<strong> Diego Rodr\u00edguez; N\u00e9stor Breitenbruch, Mauricio Victorino, Cuesta, Nicol\u00e1s Tagliafico; Jes\u00fas M\u00e9ndez, Federico Mancuello; Mart\u00edn Ben\u00edtez, Mat\u00edas Pisano; Francisco Pizzini; Lucas Albertengo<\/strong>.<\/p>\n<p>Al no haber fecha el fin de semana, <strong>este viernes se jugar\u00e1n dos amistosos en el Libetadores de Am\u00e9rica frente al Club Atl\u00e9tico Camioneros<\/strong>, para no perder el ritmo futbol\u00edstico. Primero saldr\u00e1n a la cancha los titulares y luego los suplentes.<\/p>\n","protected":false},"excerpt":{"rendered":"<p>El plantel de Independiente sigue con su preparaci\u00f3n en Villa Dom\u00ednico, con la certeza de que tendr\u00e1 que esperar una semana m\u00e1s para jugar el Cl\u00e1sico de Avellaneda. Jorge Almir\u00f3n prob\u00f3 un equipo por primera vez en la semana. La pr\u00e1ctica consisti\u00f3 en ejercicios f\u00edsicos y movimientos t\u00e1cticos. El entrenador comenz\u00f3 a probar la formaci\u00f3n [&hellip;]<\/p>\n","protected":false},"author":8,"featured_media":52802,"comment_status":"open","ping_status":"closed","sticky":false,"template":"","format":"standard","meta":{"_links_to":"","_links_to_target":""},"categories":[3,1],"tags":[2197,26,2883,2754,172],"_links":{"self":[{"href":"https:\/\/www.locoxelrojo.com\/independiente\/wp-json\/wp\/v2\/posts\/52801"}],"collection":[{"href":"https:\/\/www.locoxelrojo.com\/independiente\/wp-json\/wp\/v2\/posts"}],"about":[{"href":"https:\/\/www.locoxelrojo.com\/independiente\/wp-json\/wp\/v2\/types\/post"}],"author":[{"embeddable":true,"href":"https:\/\/www.locoxelrojo.com\/independiente\/wp-json\/wp\/v2\/users\/8"}],"replies":[{"embeddable":true,"href":"https:\/\/www.locoxelrojo.com\/independiente\/wp-json\/wp\/v2\/comments?post=52801"}],"version-history":[{"count":0,"href":"https:\/\/www.locoxelrojo.com\/independiente\/wp-json\/wp\/v2\/posts\/52801\/revisions"}],"wp:featuredmedia":[{"embeddable":true,"href":"https:\/\/www.locoxelrojo.com\/independiente\/wp-json\/wp\/v2\/media\/52802"}],"wp:attachment":[{"href":"https:\/\/www.locoxelrojo.com\/independiente\/wp-json\/wp\/v2\/media?parent=52801"}],"wp:term":[{"taxonomy":"category","embeddable":true,"href":"https:\/\/www.locoxelrojo.com\/independiente\/wp-json\/wp\/v2\/categories?post=52801"},{"taxonomy":"post_tag","embeddable":true,"href":"https:\/\/www.locoxelrojo.com\/independiente\/wp-json\/wp\/v2\/tags?post=52801"}],"curies":[{"name":"wp","href":"https:\/\/api.w.org\/{rel}","templated":true}]}}