{"id":52804,"date":"2015-05-13T12:00:54","date_gmt":"2015-05-13T15:00:54","guid":{"rendered":"http:\/\/www.locoxelrojo.com\/independiente\/?p=52804"},"modified":"2015-05-14T23:59:07","modified_gmt":"2015-05-15T02:59:07","slug":"la-reserva-se-puso-al-dia-con-un-empate","status":"publish","type":"post","link":"https:\/\/www.locoxelrojo.com\/independiente\/2015\/05\/13\/la-reserva-se-puso-al-dia-con-un-empate\/","title":{"rendered":"La Reserva se puso al d\u00eda con un empate"},"content":{"rendered":"<p><strong>En el partido postergado de la fecha 11, la Reserva de Independiente empat\u00f3 1-1 con Banfield<\/strong> en el predio de Luis Guill\u00f3n. Juan \u00c1lvarez abri\u00f3 la cuenta para el local y <strong>Ezequiel Vidal igual\u00f3 para el Rojo<\/strong>.<\/p>\n<p>Fernando Ber\u00f3n puso en cancha a <strong>Gonzalo Rehak; Rafael Barrios, Facundo Onraita, Leonel M\u00e1rquez, Yoel Sergio; Domingo Blanco, Leonel \u00c1lvarez, Alan Franco, Juan Manuel Trejo; Ezequiel Denis y Vidal<\/strong>. M\u00e1s tarde ingresaron G\u00f3mez, Brian Duarte y Jonathan Ca\u00f1ete por Blanco, Franco y Vidal respectivamente.<\/p>\n<p>Banfield se puso en ventaja a los 25 minutos del primer tiempo a trav\u00e9s de \u00c1lvarez, quien minutos antes hab\u00eda errado un mano a mano ante Rehak. Sin embargo,<strong> a los 43\u2019, Denis habilit\u00f3 a Vidal para que marcara el empate ante la salida del arquero<\/strong>.<\/p>\n<p>De esta manera,<strong> la Reserva alcanz\u00f3 los 18 puntos en el torneo, producto de 4 triunfos, 6 empates y 2 derrotas<\/strong>. Ante la suspensi\u00f3n de todas las categor\u00edas del f\u00fatbol argentino por el fallecimiento de Emanuel Ortega, <strong>no se sabe cu\u00e1ndo el equipo de Ber\u00f3n podr\u00e1 jugar el Cl\u00e1sico de Avellaneda<\/strong>.<\/p>\n","protected":false},"excerpt":{"rendered":"<p>En el partido postergado de la fecha 11, la Reserva de Independiente empat\u00f3 1-1 con Banfield en el predio de Luis Guill\u00f3n. Juan \u00c1lvarez abri\u00f3 la cuenta para el local y Ezequiel Vidal igual\u00f3 para el Rojo. Fernando Ber\u00f3n puso en cancha a Gonzalo Rehak; Rafael Barrios, Facundo Onraita, Leonel M\u00e1rquez, Yoel Sergio; Domingo Blanco, [&hellip;]<\/p>\n","protected":false},"author":8,"featured_media":52805,"comment_status":"open","ping_status":"closed","sticky":false,"template":"","format":"standard","meta":{"_links_to":"","_links_to_target":""},"categories":[1,141],"tags":[677,2951,2862,231,741],"_links":{"self":[{"href":"https:\/\/www.locoxelrojo.com\/independiente\/wp-json\/wp\/v2\/posts\/52804"}],"collection":[{"href":"https:\/\/www.locoxelrojo.com\/independiente\/wp-json\/wp\/v2\/posts"}],"about":[{"href":"https:\/\/www.locoxelrojo.com\/independiente\/wp-json\/wp\/v2\/types\/post"}],"author":[{"embeddable":true,"href":"https:\/\/www.locoxelrojo.com\/independiente\/wp-json\/wp\/v2\/users\/8"}],"replies":[{"embeddable":true,"href":"https:\/\/www.locoxelrojo.com\/independiente\/wp-json\/wp\/v2\/comments?post=52804"}],"version-history":[{"count":0,"href":"https:\/\/www.locoxelrojo.com\/independiente\/wp-json\/wp\/v2\/posts\/52804\/revisions"}],"wp:featuredmedia":[{"embeddable":true,"href":"https:\/\/www.locoxelrojo.com\/independiente\/wp-json\/wp\/v2\/media\/52805"}],"wp:attachment":[{"href":"https:\/\/www.locoxelrojo.com\/independiente\/wp-json\/wp\/v2\/media?parent=52804"}],"wp:term":[{"taxonomy":"category","embeddable":true,"href":"https:\/\/www.locoxelrojo.com\/independiente\/wp-json\/wp\/v2\/categories?post=52804"},{"taxonomy":"post_tag","embeddable":true,"href":"https:\/\/www.locoxelrojo.com\/independiente\/wp-json\/wp\/v2\/tags?post=52804"}],"curies":[{"name":"wp","href":"https:\/\/api.w.org\/{rel}","templated":true}]}}