{"id":52857,"date":"2015-05-19T22:59:02","date_gmt":"2015-05-20T01:59:02","guid":{"rendered":"http:\/\/www.locoxelrojo.com\/independiente\/?p=52857"},"modified":"2015-05-19T23:48:29","modified_gmt":"2015-05-20T02:48:29","slug":"cantero-nos-quedo-el-mote-de-fracasados-pero-lo-intente-otros-no-tuvieron-huevos","status":"publish","type":"post","link":"https:\/\/www.locoxelrojo.com\/independiente\/2015\/05\/19\/cantero-nos-quedo-el-mote-de-fracasados-pero-lo-intente-otros-no-tuvieron-huevos\/","title":{"rendered":"Cantero: &#8220;Nos qued\u00f3 el mote de fracasados, pero lo intent\u00e9, otros no tuvieron huevos&#8221;"},"content":{"rendered":"<p>Luego de lo ocurrido en el Supercl\u00e1sico de vuelta de la Copa Libertadores, Javier Cantero rompi\u00f3 el silencio.<strong> Record\u00f3 su mandato en Independiente y al ser consultado por los barras, afirm\u00f3: &#8220;Yo no fracas\u00e9, lo intent\u00e9&#8221;.<\/strong><\/p>\n<p><strong>&#8220;Lamento lo que pas\u00f3 el otro d\u00eda. Lo vi por tele y no lo pod\u00eda creer. A m\u00ed me pas\u00f3 tambi\u00e9n, que suspendieron un partido porque tiraron bombas a la cancha.\u00a0No alcanza con las decisiones de los dirigentes. Se necesita del resto de la sociedad, de los polic\u00edas y de los dem\u00e1s hinchas. Yo no fracas\u00e9. Podr\u00eda haber acordado algunas cosas, como darle plata a la Polic\u00eda. Quiz\u00e1 no me hubiera ido tan mal para los ojos de afuera, pero yo no podr\u00eda mirar m\u00e1s a los ojos a mis hijos.\u00a0Nosotros llegamos al club con la bandera antiviolencia, lo intent\u00e9 y nos qued\u00f3 el mote de fracasados. Pero otros no fracasaron porque no tuvieron huevos para intentarlo. Igual, en la calle, la gente me lo reconoce&#8221;<\/strong>, manifest\u00f3 en Casi Famosos por Rock &amp;\u00a0Pop.<\/p>\n<p>Luego, prosigui\u00f3 con su an\u00e1lisis de las barras en Argentina y cont\u00f3 una an\u00e9cdota sobre el ex presidente de Estudiantes:<strong> &#8220;Me falt\u00f3 acompa\u00f1amiento. En la AFA me dijeron: &#8216;Hay que arreglar con la barra, esto no es un country&#8217;. Sali\u00f3 Quique Lombardi a apoyarme p\u00fablicamente y lo destrozaron. El resto pens\u00f3 que se levantar\u00edan otros tambi\u00e9n en favor m\u00edo. Yo le ped\u00ed que no diera m\u00e1s la cara por m\u00ed porque iba a ser peor para \u00e9l.\u00a0Para el resto yo era un loco&#8221;.<\/strong><\/p>\n<p>En tanto, resalt\u00f3 que adem\u00e1s de los barras, hay otros participantes: <strong>&#8220;Se carga mucho las tintas sobre la barra, que es un componente grav\u00edsimo, pero tambi\u00e9n est\u00e1n los dirigentes y la Polic\u00eda. Por ejemplo, un d\u00eda me vendieron 950 efectivos para un operativo policial, los cont\u00e9 con un escribano y eran s\u00f3lo 650. De visitante los clubes nos llevamos un porcentaje de las entradas. Puse escribanos en los accesos de las canchas visitantes y me di cuenta que los clubes locales nos estaban robando. El d\u00eda que fui a la AFA a presentar el detalle de lo que hab\u00eda ocurrido me llam\u00f3 Grondona (Julio) y me reproch\u00f3: \u2018\u00bfQu\u00e9 hac\u00e9s? Esto no es as\u00ed. Ten\u00e9s que hacerles lo mismo a ellos cuando vayan a tu cancha&#8217;. Los barras son feos y malos, pero no son los \u00fanicos&#8221;.<\/strong><\/p>\n<p>Por \u00faltimo, neg\u00f3 haber aportado para la barra de Independiente y opin\u00f3 que para terminar con la violencia en el f\u00fatbol deber\u00eda haber una pol\u00edtica de Estado. <strong>&#8220;Cuando dicen que no hay soluci\u00f3n, digo que\u00a0nosotros, que \u00e9ramos unos pobres cuatro de copas, estuvimos dos a\u00f1os y medio en el club y no les dimos nada a los barras, ni dinero, ni entradas, ni viajes, nada. Y lo pudimos hacer. \u00bfC\u00f3mo no lo van a poder hacer los otros clubes?\u00a0Tendr\u00eda que ser una pol\u00edtica de Estado y todos llevarlo adelante. Los pol\u00edticos que tomen esto en cuenta seguramente van a obtener un r\u00e9dito pol\u00edtico porque el hincha com\u00fan, si hacen algo, se los va a agradecer&#8221;<\/strong>, cerr\u00f3.<\/p>\n","protected":false},"excerpt":{"rendered":"<p>Luego de lo ocurrido en el Supercl\u00e1sico de vuelta de la Copa Libertadores, Javier Cantero rompi\u00f3 el silencio. Record\u00f3 su mandato en Independiente y al ser consultado por los barras, afirm\u00f3: &#8220;Yo no fracas\u00e9, lo intent\u00e9&#8221;. &#8220;Lamento lo que pas\u00f3 el otro d\u00eda. Lo vi por tele y no lo pod\u00eda creer. A m\u00ed me [&hellip;]<\/p>\n","protected":false},"author":11,"featured_media":52858,"comment_status":"open","ping_status":"closed","sticky":false,"template":"","format":"standard","meta":{"_links_to":"","_links_to_target":""},"categories":[4,1],"tags":[218,723],"_links":{"self":[{"href":"https:\/\/www.locoxelrojo.com\/independiente\/wp-json\/wp\/v2\/posts\/52857"}],"collection":[{"href":"https:\/\/www.locoxelrojo.com\/independiente\/wp-json\/wp\/v2\/posts"}],"about":[{"href":"https:\/\/www.locoxelrojo.com\/independiente\/wp-json\/wp\/v2\/types\/post"}],"author":[{"embeddable":true,"href":"https:\/\/www.locoxelrojo.com\/independiente\/wp-json\/wp\/v2\/users\/11"}],"replies":[{"embeddable":true,"href":"https:\/\/www.locoxelrojo.com\/independiente\/wp-json\/wp\/v2\/comments?post=52857"}],"version-history":[{"count":0,"href":"https:\/\/www.locoxelrojo.com\/independiente\/wp-json\/wp\/v2\/posts\/52857\/revisions"}],"wp:featuredmedia":[{"embeddable":true,"href":"https:\/\/www.locoxelrojo.com\/independiente\/wp-json\/wp\/v2\/media\/52858"}],"wp:attachment":[{"href":"https:\/\/www.locoxelrojo.com\/independiente\/wp-json\/wp\/v2\/media?parent=52857"}],"wp:term":[{"taxonomy":"category","embeddable":true,"href":"https:\/\/www.locoxelrojo.com\/independiente\/wp-json\/wp\/v2\/categories?post=52857"},{"taxonomy":"post_tag","embeddable":true,"href":"https:\/\/www.locoxelrojo.com\/independiente\/wp-json\/wp\/v2\/tags?post=52857"}],"curies":[{"name":"wp","href":"https:\/\/api.w.org\/{rel}","templated":true}]}}