{"id":53239,"date":"2015-06-01T23:54:14","date_gmt":"2015-06-02T02:54:14","guid":{"rendered":"http:\/\/www.locoxelrojo.com\/independiente\/?p=53239"},"modified":"2015-06-02T01:14:37","modified_gmt":"2015-06-02T04:14:37","slug":"almeyda-se-queda-en-banfield","status":"publish","type":"post","link":"https:\/\/www.locoxelrojo.com\/independiente\/2015\/06\/01\/almeyda-se-queda-en-banfield\/","title":{"rendered":"Almeyda se queda en Banfield"},"content":{"rendered":"<p>Esta noche se cay\u00f3 otro de los buscados por la dirigencia de Independiente para ser el entrenador: <strong>Mat\u00edas Almeyda. Eduardo Spinosa, presidente de Banfield, afirm\u00f3 que el Pelado seguir\u00e1 en el Taladro.<\/strong><\/p>\n<p><strong>Primero fue Alejandro Sabella, luego Guillermo Barros Schelotto y ahora es Almeyda.<\/strong> Ya son tres los entrenadores que decidieron decirle no al Rojo. <strong>La Comisi\u00f3n Directiva sab\u00eda de la reuni\u00f3n entre el Pelado y Spinosa<\/strong> y luego de la misma, <strong>iban a comunicarse con los pares de Banfield para saber qu\u00e9 se hab\u00eda hablado. Sin embargo, el mandam\u00e1s del Taladro escribi\u00f3 el siguiente tweet:<\/strong><\/p>\n<blockquote class=\"twitter-tweet\" lang=\"es\">\n<p dir=\"ltr\" lang=\"es\">Planificando la pretemporada con Mat\u00edas. <a href=\"https:\/\/twitter.com\/hashtag\/seguiremosyendoalfrente?src=hash\">#seguiremosyendoalfrente<\/a> <a href=\"http:\/\/t.co\/FmTTSQaQyV\">pic.twitter.com\/FmTTSQaQyV<\/a><\/p>\n<p>\u2014 Eduardo Spinosa (@EduardoJSpinosa) <a href=\"https:\/\/twitter.com\/EduardoJSpinosa\/status\/605566036407160832\">junio 2, 2015<\/a><\/p><\/blockquote>\n<p><script src=\"\/\/platform.twitter.com\/widgets.js\" async=\"\" charset=\"utf-8\"><\/script><\/p>\n<p>Luego, habl\u00f3 en Sportia por Tyc Sports y fue tajante: <strong>&#8220;Mat\u00edas se queda en Banfield, hasta pensamos en extender el v\u00ednculo que termina en diciembre. Se siente muy c\u00f3modo con los banfile\u00f1os. Estamos muy c\u00f3modos con el proyecto, las dos partes estamos contentas&#8221;.<\/strong><\/p>\n<p>Con este nombre descartado, <strong>quedan en pie Juan Antonio Pizzi -la CD espera que la dirigencia de Le\u00f3n cumpla o no con la promesas de refuerzos al entrenador- y Mauricio Pellegrino -ya hubo reuni\u00f3n la semana pasada, a algunos les gust\u00f3 y a otros no-.<\/strong> Con el correr de los d\u00edas pueden aparecer m\u00e1s nombres en los intereses de la dirigencia.<\/p>\n","protected":false},"excerpt":{"rendered":"<p>Esta noche se cay\u00f3 otro de los buscados por la dirigencia de Independiente para ser el entrenador: Mat\u00edas Almeyda. Eduardo Spinosa, presidente de Banfield, afirm\u00f3 que el Pelado seguir\u00e1 en el Taladro. Primero fue Alejandro Sabella, luego Guillermo Barros Schelotto y ahora es Almeyda. Ya son tres los entrenadores que decidieron decirle no al Rojo. [&hellip;]<\/p>\n","protected":false},"author":11,"featured_media":53242,"comment_status":"open","ping_status":"closed","sticky":false,"template":"","format":"standard","meta":{"_links_to":"","_links_to_target":""},"categories":[3,1],"tags":[677,2891,1843],"_links":{"self":[{"href":"https:\/\/www.locoxelrojo.com\/independiente\/wp-json\/wp\/v2\/posts\/53239"}],"collection":[{"href":"https:\/\/www.locoxelrojo.com\/independiente\/wp-json\/wp\/v2\/posts"}],"about":[{"href":"https:\/\/www.locoxelrojo.com\/independiente\/wp-json\/wp\/v2\/types\/post"}],"author":[{"embeddable":true,"href":"https:\/\/www.locoxelrojo.com\/independiente\/wp-json\/wp\/v2\/users\/11"}],"replies":[{"embeddable":true,"href":"https:\/\/www.locoxelrojo.com\/independiente\/wp-json\/wp\/v2\/comments?post=53239"}],"version-history":[{"count":0,"href":"https:\/\/www.locoxelrojo.com\/independiente\/wp-json\/wp\/v2\/posts\/53239\/revisions"}],"wp:featuredmedia":[{"embeddable":true,"href":"https:\/\/www.locoxelrojo.com\/independiente\/wp-json\/wp\/v2\/media\/53242"}],"wp:attachment":[{"href":"https:\/\/www.locoxelrojo.com\/independiente\/wp-json\/wp\/v2\/media?parent=53239"}],"wp:term":[{"taxonomy":"category","embeddable":true,"href":"https:\/\/www.locoxelrojo.com\/independiente\/wp-json\/wp\/v2\/categories?post=53239"},{"taxonomy":"post_tag","embeddable":true,"href":"https:\/\/www.locoxelrojo.com\/independiente\/wp-json\/wp\/v2\/tags?post=53239"}],"curies":[{"name":"wp","href":"https:\/\/api.w.org\/{rel}","templated":true}]}}