{"id":53273,"date":"2015-06-04T12:15:40","date_gmt":"2015-06-04T15:15:40","guid":{"rendered":"http:\/\/www.locoxelrojo.com\/independiente\/?p=53273"},"modified":"2015-06-04T12:27:15","modified_gmt":"2015-06-04T15:27:15","slug":"beron-probo-con-aguilera-en-el-medio","status":"publish","type":"post","link":"https:\/\/www.locoxelrojo.com\/independiente\/2015\/06\/04\/beron-probo-con-aguilera-en-el-medio\/","title":{"rendered":"Ber\u00f3n prob\u00f3 con Aguilera en el medio"},"content":{"rendered":"<p><strong>En la pr\u00e1ctica de f\u00fatbol de esta ma\u00f1ana, Fern\u00e1ndo Ber\u00f3n prob\u00f3 con Emanuel Aguilera en el mediocampo en lugar del suspendido Jes\u00fas M\u00e9ndez. Federico Mancuello no form\u00f3 parte del equipo titular para no arriesgarlo y lo esperar\u00e1n hasta \u00faltimo momento.<\/strong><\/p>\n<p>Este jueves, en el estadio Libertadores de Am\u00e9rica, Ber\u00f3n comenz\u00f3 a delinear el equipo que visitar\u00e1 al Canalla el pr\u00f3ximo domingo. <strong>Entre los once, sorprendi\u00f3 con el ingreso de Aguilera como volante central por M\u00e9ndez, quien vio la roja con Tigre. Luego, prob\u00f3 con Claudio Aquino de enganche y Juli\u00e1n Vitale de \u00fanico cinco. <\/strong><\/p>\n<p>A esta variante hay que sumarle la ausencia de Mancuello. <strong>El capit\u00e1n no particip\u00f3 de la pr\u00e1ctica por precauci\u00f3n -entren\u00f3 con normalidad el martes y ayer-\u00a0y lo esperar\u00e1n hasta \u00faltimo momento.<\/strong> Hay que ver que ser\u00e1 de su futuro en el club, ya que tiene varias ofertas para continuar su carrera en el exterior.<\/p>\n<p>Todav\u00eda no est\u00e1 confirmado el equipo, pero el de esta ma\u00f1ana fue: <strong>Diego Rodr\u00edguez; Gustavo Toledo, Mauricio Victorino, V\u00edctor Cuesta, Emiliano Papa; Vitale, Aguilera, Nicol\u00e1s Tagliafico; Mat\u00edas Pisano; Lucas Albertengo y Claudio Ria\u00f1o.<\/strong><\/p>\n","protected":false},"excerpt":{"rendered":"<p>En la pr\u00e1ctica de f\u00fatbol de esta ma\u00f1ana, Fern\u00e1ndo Ber\u00f3n prob\u00f3 con Emanuel Aguilera en el mediocampo en lugar del suspendido Jes\u00fas M\u00e9ndez. Federico Mancuello no form\u00f3 parte del equipo titular para no arriesgarlo y lo esperar\u00e1n hasta \u00faltimo momento. Este jueves, en el estadio Libertadores de Am\u00e9rica, Ber\u00f3n comenz\u00f3 a delinear el equipo que [&hellip;]<\/p>\n","protected":false},"author":1,"featured_media":53274,"comment_status":"open","ping_status":"closed","sticky":false,"template":"","format":"standard","meta":{"_links_to":"","_links_to_target":""},"categories":[3,1],"tags":[2446,26,247,48,2862,2734],"_links":{"self":[{"href":"https:\/\/www.locoxelrojo.com\/independiente\/wp-json\/wp\/v2\/posts\/53273"}],"collection":[{"href":"https:\/\/www.locoxelrojo.com\/independiente\/wp-json\/wp\/v2\/posts"}],"about":[{"href":"https:\/\/www.locoxelrojo.com\/independiente\/wp-json\/wp\/v2\/types\/post"}],"author":[{"embeddable":true,"href":"https:\/\/www.locoxelrojo.com\/independiente\/wp-json\/wp\/v2\/users\/1"}],"replies":[{"embeddable":true,"href":"https:\/\/www.locoxelrojo.com\/independiente\/wp-json\/wp\/v2\/comments?post=53273"}],"version-history":[{"count":0,"href":"https:\/\/www.locoxelrojo.com\/independiente\/wp-json\/wp\/v2\/posts\/53273\/revisions"}],"wp:featuredmedia":[{"embeddable":true,"href":"https:\/\/www.locoxelrojo.com\/independiente\/wp-json\/wp\/v2\/media\/53274"}],"wp:attachment":[{"href":"https:\/\/www.locoxelrojo.com\/independiente\/wp-json\/wp\/v2\/media?parent=53273"}],"wp:term":[{"taxonomy":"category","embeddable":true,"href":"https:\/\/www.locoxelrojo.com\/independiente\/wp-json\/wp\/v2\/categories?post=53273"},{"taxonomy":"post_tag","embeddable":true,"href":"https:\/\/www.locoxelrojo.com\/independiente\/wp-json\/wp\/v2\/tags?post=53273"}],"curies":[{"name":"wp","href":"https:\/\/api.w.org\/{rel}","templated":true}]}}