{"id":53402,"date":"2015-06-10T13:40:55","date_gmt":"2015-06-10T16:40:55","guid":{"rendered":"http:\/\/www.locoxelrojo.com\/independiente\/?p=53402"},"modified":"2015-10-17T22:36:24","modified_gmt":"2015-10-18T01:36:24","slug":"moyano-que-pellegrino-lleve-al-plantel-al-destino-del-triunfo","status":"publish","type":"post","link":"https:\/\/www.locoxelrojo.com\/independiente\/2015\/06\/10\/moyano-que-pellegrino-lleve-al-plantel-al-destino-del-triunfo\/","title":{"rendered":"Hugo Moyano: &#8220;Que Pellegrino lleve al plantel al destino del triunfo&#8221;"},"content":{"rendered":"<p>Hugo Moyano present\u00f3 a Mauricio Pellegrino en conferencia de prensa y<strong> se mostr\u00f3 satisfecho por contratar al entrenador. Adem\u00e1s, asegur\u00f3 que no hay ofertas formales por jugadores y le agradeci\u00f3 a Jorge Almir\u00f3n.<\/strong><\/p>\n<p><strong>&#8220;Es un d\u00eda especial porque Mauricio Pellegrino se hace cargo de la Primera. A pesar de su juventud, tiene mucha experiencia ac\u00e1 y en Europa. Es una enorme satisfacci\u00f3n haberlo contratado para que empiece a trabajar y lleve al plantel al destino del triunfo&#8221;<\/strong>, manifest\u00f3 el presidente.<\/p>\n<p><span style=\"color: #292f33;\">Al ser consultado por las posibles salidas en el plantel, solt\u00f3: <strong>&#8220;No han habido ofertas formales por ning\u00fan jugador, cuando lleguen las evaluaremos&#8221;.<\/strong><\/span><\/p>\n<p><span style=\"color: #292f33;\">Para concluir, dej\u00f3 un mensaje para el anterior DT. <strong>&#8220;Quiero agradecerle a Almir\u00f3n por la seriedad con la que trabaj\u00f3.\u00a0Lamentablemente no se dieron los resultados&#8221;<\/strong>, cerr\u00f3.<\/span><\/p>\n","protected":false},"excerpt":{"rendered":"<p>Hugo Moyano present\u00f3 a Mauricio Pellegrino en conferencia de prensa y se mostr\u00f3 satisfecho por contratar al entrenador. Adem\u00e1s, asegur\u00f3 que no hay ofertas formales por jugadores y le agradeci\u00f3 a Jorge Almir\u00f3n. &#8220;Es un d\u00eda especial porque Mauricio Pellegrino se hace cargo de la Primera. A pesar de su juventud, tiene mucha experiencia ac\u00e1 [&hellip;]<\/p>\n","protected":false},"author":11,"featured_media":53406,"comment_status":"open","ping_status":"closed","sticky":false,"template":"","format":"standard","meta":{"_links_to":"","_links_to_target":""},"categories":[3,1],"tags":[140,2724,2166],"_links":{"self":[{"href":"https:\/\/www.locoxelrojo.com\/independiente\/wp-json\/wp\/v2\/posts\/53402"}],"collection":[{"href":"https:\/\/www.locoxelrojo.com\/independiente\/wp-json\/wp\/v2\/posts"}],"about":[{"href":"https:\/\/www.locoxelrojo.com\/independiente\/wp-json\/wp\/v2\/types\/post"}],"author":[{"embeddable":true,"href":"https:\/\/www.locoxelrojo.com\/independiente\/wp-json\/wp\/v2\/users\/11"}],"replies":[{"embeddable":true,"href":"https:\/\/www.locoxelrojo.com\/independiente\/wp-json\/wp\/v2\/comments?post=53402"}],"version-history":[{"count":0,"href":"https:\/\/www.locoxelrojo.com\/independiente\/wp-json\/wp\/v2\/posts\/53402\/revisions"}],"wp:featuredmedia":[{"embeddable":true,"href":"https:\/\/www.locoxelrojo.com\/independiente\/wp-json\/wp\/v2\/media\/53406"}],"wp:attachment":[{"href":"https:\/\/www.locoxelrojo.com\/independiente\/wp-json\/wp\/v2\/media?parent=53402"}],"wp:term":[{"taxonomy":"category","embeddable":true,"href":"https:\/\/www.locoxelrojo.com\/independiente\/wp-json\/wp\/v2\/categories?post=53402"},{"taxonomy":"post_tag","embeddable":true,"href":"https:\/\/www.locoxelrojo.com\/independiente\/wp-json\/wp\/v2\/tags?post=53402"}],"curies":[{"name":"wp","href":"https:\/\/api.w.org\/{rel}","templated":true}]}}