{"id":53423,"date":"2015-06-11T14:00:11","date_gmt":"2015-06-11T17:00:11","guid":{"rendered":"http:\/\/www.locoxelrojo.com\/independiente\/?p=53423"},"modified":"2015-06-11T16:43:45","modified_gmt":"2015-06-11T19:43:45","slug":"pellegrino-recorrio-villa-dominico","status":"publish","type":"post","link":"https:\/\/www.locoxelrojo.com\/independiente\/2015\/06\/11\/pellegrino-recorrio-villa-dominico\/","title":{"rendered":"Pellegrino recorri\u00f3 Villa Dom\u00ednico"},"content":{"rendered":"<p><strong>Mauricio Pellegrino<\/strong> empez\u00f3 a conocer el club. Acompa\u00f1ado por Pablo Moyano, Carlos Monta\u00f1a y Noray Nakis, el nuevo entrenador <strong>recorri\u00f3 las instalaciones de Villa Dom\u00ednico<\/strong>, donde el lunes comenzar\u00e1 la pretemporada de cara al segundo semestre de 2015.<\/p>\n<p><strong>El DT se hizo presente el jueves por la ma\u00f1ana en el predio Santo Domingo junto a su ayudante Carlos Compagnucci, el profesor Gabriel Macaya y Pablo Cavallero<\/strong> para observar los lugares de entrenamiento del plantel y conocer las obras en la pensi\u00f3n y en el Centro de Alto Rendimiento creado por Gabriel Milito y Sergio Ag\u00fcero. Adem\u00e1s, dialog\u00f3 con algunos empleados del club, entre los que se encontraba Miguel \u00c1ngel Santoro.<\/p>\n<p><strong>En estos d\u00edas habr\u00e1 varias charlas entre Pellegrino y los dirigentes para definir el armado del plantel<\/strong> que afrontar\u00e1 tres competencias en la segunda parte del a\u00f1o. Por lo pronto, el flamante t\u00e9cnico <strong>dirigir\u00e1 su primera pr\u00e1ctica el pr\u00f3ximo lunes<\/strong> en Villa Dom\u00ednico.<\/p>\n","protected":false},"excerpt":{"rendered":"<p>Mauricio Pellegrino empez\u00f3 a conocer el club. Acompa\u00f1ado por Pablo Moyano, Carlos Monta\u00f1a y Noray Nakis, el nuevo entrenador recorri\u00f3 las instalaciones de Villa Dom\u00ednico, donde el lunes comenzar\u00e1 la pretemporada de cara al segundo semestre de 2015. El DT se hizo presente el jueves por la ma\u00f1ana en el predio Santo Domingo junto a [&hellip;]<\/p>\n","protected":false},"author":8,"featured_media":53424,"comment_status":"open","ping_status":"closed","sticky":false,"template":"","format":"standard","meta":{"_links_to":"","_links_to_target":""},"categories":[3,1],"tags":[2166,172],"_links":{"self":[{"href":"https:\/\/www.locoxelrojo.com\/independiente\/wp-json\/wp\/v2\/posts\/53423"}],"collection":[{"href":"https:\/\/www.locoxelrojo.com\/independiente\/wp-json\/wp\/v2\/posts"}],"about":[{"href":"https:\/\/www.locoxelrojo.com\/independiente\/wp-json\/wp\/v2\/types\/post"}],"author":[{"embeddable":true,"href":"https:\/\/www.locoxelrojo.com\/independiente\/wp-json\/wp\/v2\/users\/8"}],"replies":[{"embeddable":true,"href":"https:\/\/www.locoxelrojo.com\/independiente\/wp-json\/wp\/v2\/comments?post=53423"}],"version-history":[{"count":0,"href":"https:\/\/www.locoxelrojo.com\/independiente\/wp-json\/wp\/v2\/posts\/53423\/revisions"}],"wp:featuredmedia":[{"embeddable":true,"href":"https:\/\/www.locoxelrojo.com\/independiente\/wp-json\/wp\/v2\/media\/53424"}],"wp:attachment":[{"href":"https:\/\/www.locoxelrojo.com\/independiente\/wp-json\/wp\/v2\/media?parent=53423"}],"wp:term":[{"taxonomy":"category","embeddable":true,"href":"https:\/\/www.locoxelrojo.com\/independiente\/wp-json\/wp\/v2\/categories?post=53423"},{"taxonomy":"post_tag","embeddable":true,"href":"https:\/\/www.locoxelrojo.com\/independiente\/wp-json\/wp\/v2\/tags?post=53423"}],"curies":[{"name":"wp","href":"https:\/\/api.w.org\/{rel}","templated":true}]}}