{"id":53438,"date":"2015-06-12T00:05:31","date_gmt":"2015-06-12T03:05:31","guid":{"rendered":"http:\/\/www.locoxelrojo.com\/independiente\/?p=53438"},"modified":"2015-06-12T00:33:47","modified_gmt":"2015-06-12T03:33:47","slug":"p-moyano-muchos-de-los-que-putearon-a-almiron-votaron-a-cantero","status":"publish","type":"post","link":"https:\/\/www.locoxelrojo.com\/independiente\/2015\/06\/12\/p-moyano-muchos-de-los-que-putearon-a-almiron-votaron-a-cantero\/","title":{"rendered":"P. Moyano: \u201cMuchos de los que putearon a Almir\u00f3n, votaron a Cantero\u201d"},"content":{"rendered":"<p><strong>Pablo Moyano<\/strong> habl\u00f3 sobre la llegada de Mauricio Pellegrino y record\u00f3 de una manera muy particular a su predecesor, <strong>Jorge Almir\u00f3n<\/strong>, comparando sus logros con los del expresidente <strong>Javier Cantero<\/strong>. El dirigente sali\u00f3 al cruce de las cr\u00edticas y consider\u00f3 que el ex DT potenci\u00f3 a muchos de los jugadores que hoy son vistos desde Europa. Adem\u00e1s, se refiri\u00f3 a los refuerzos y a los candidatos a irse.<\/p>\n<p><strong>\u201cA Pellegrino hay que dejarlo trabajar tranquilo. Nos gusta que quiera jugar las Copas. Ojal\u00e1 que tenga la capacidad suficiente de llevar a Independiente a lo m\u00e1s arriba y que hayamos encontrado el t\u00e9cnico justo para este momento\u201d<\/strong>, expres\u00f3 el vocal del club en di\u00e1logo con Campanas del Infierno. En la misma l\u00ednea, le respondi\u00f3 a los hinchas que reprobaron el trabajo del DT anterior: <strong>\u201cMuchos de los que putearon a Almir\u00f3n, votaron a Cantero que nos llev\u00f3 a esta situaci\u00f3n. Almir\u00f3n nos llev\u00f3 a la Sudamericana y potenci\u00f3 muchos jugadores. &#8216;Fracaso&#8217; es de aquellos que nos llevaron a la B\u201d<\/strong>.<\/p>\n<p><strong>\u201cHace un a\u00f1o atr\u00e1s, no pod\u00edamos vender ni al canchero. Almir\u00f3n potenci\u00f3 a muchos jugadores. Hoy hay muchos en la mira de Europa\u201d<\/strong>, destac\u00f3 el hijo del presidente, y enseguida se\u00f1al\u00f3 a los m\u00e1ximos candidatos a irse: <strong>\u201cCon el tema Mancuello se hizo un esfuerzo muy grande, no quiero que vengan los vivos como su representante a llev\u00e1rselo as\u00ed nom\u00e1s. Por Pisano hay un fuerte inter\u00e9s de M\u00e9xico. El t\u00e9cnico nos pidi\u00f3 que \u00e9l o Mancuello, uno de los dos, se quede\u201d<\/strong>.<\/p>\n<p><strong>\u201cSi hay interesados por Pisano, que paguen. Si no, se quedar\u00e1 en el club\u201d<\/strong>, sentenci\u00f3 Moyano. En tanto, aclar\u00f3 que <strong>\u201ca no ser que venga una oferta importante, del resto no se va a ir ninguno\u201d<\/strong>, y explic\u00f3 la situaci\u00f3n del goleador del equipo: <strong>\u201c<\/strong><strong>A Albertengo queremos retenerlo uno o dos a\u00f1os m\u00e1s. Este torneo va a hacer much\u00edsimos goles con los jugadores que pueden llegar\u201d<\/strong>.<\/p>\n<p>Asimismo, avis\u00f3 que habr\u00e1 un recorte en el plantel: <strong>\u201cSomos el \u00fanico equipo en el pa\u00eds que paga tantos contratos. Muchos van a irse a pr\u00e9stamo y otros van a quedar libres. La posibilidad de achicar el plantel nos va a ser \u00fatil para seguir achicando gastos\u201d<\/strong>.<\/p>\n<p>Enfocado en los refuerzos, Pablo cont\u00f3 que <strong>\u201cPellegrino pidi\u00f3 plan A y plan B de los puestos que les interesa reforzar\u201d<\/strong>, y confirm\u00f3 que de esos nombres<strong> \u201cla mitad est\u00e1 afuera y la otra mitad en Argentina\u201d<\/strong>. Al respecto, detall\u00f3 c\u00f3mo est\u00e1n las negociaciones para repatriar a Germ\u00e1n Denis: <strong>\u201cEstuvimos hablando casi tres horas con Denis. Est\u00e1 muy ilusionado con venir. Ama a Independiente. Haremos una propuesta y todo el esfuerzo por traerlo\u201d<\/strong>.<\/p>\n","protected":false},"excerpt":{"rendered":"<p>Pablo Moyano habl\u00f3 sobre la llegada de Mauricio Pellegrino y record\u00f3 de una manera muy particular a su predecesor, Jorge Almir\u00f3n, comparando sus logros con los del expresidente Javier Cantero. El dirigente sali\u00f3 al cruce de las cr\u00edticas y consider\u00f3 que el ex DT potenci\u00f3 a muchos de los jugadores que hoy son vistos desde [&hellip;]<\/p>\n","protected":false},"author":8,"featured_media":52820,"comment_status":"open","ping_status":"closed","sticky":false,"template":"","format":"standard","meta":{"_links_to":"","_links_to_target":""},"categories":[3,1],"tags":[48,397,723,2724,2243,2166,439],"_links":{"self":[{"href":"https:\/\/www.locoxelrojo.com\/independiente\/wp-json\/wp\/v2\/posts\/53438"}],"collection":[{"href":"https:\/\/www.locoxelrojo.com\/independiente\/wp-json\/wp\/v2\/posts"}],"about":[{"href":"https:\/\/www.locoxelrojo.com\/independiente\/wp-json\/wp\/v2\/types\/post"}],"author":[{"embeddable":true,"href":"https:\/\/www.locoxelrojo.com\/independiente\/wp-json\/wp\/v2\/users\/8"}],"replies":[{"embeddable":true,"href":"https:\/\/www.locoxelrojo.com\/independiente\/wp-json\/wp\/v2\/comments?post=53438"}],"version-history":[{"count":0,"href":"https:\/\/www.locoxelrojo.com\/independiente\/wp-json\/wp\/v2\/posts\/53438\/revisions"}],"wp:featuredmedia":[{"embeddable":true,"href":"https:\/\/www.locoxelrojo.com\/independiente\/wp-json\/wp\/v2\/media\/52820"}],"wp:attachment":[{"href":"https:\/\/www.locoxelrojo.com\/independiente\/wp-json\/wp\/v2\/media?parent=53438"}],"wp:term":[{"taxonomy":"category","embeddable":true,"href":"https:\/\/www.locoxelrojo.com\/independiente\/wp-json\/wp\/v2\/categories?post=53438"},{"taxonomy":"post_tag","embeddable":true,"href":"https:\/\/www.locoxelrojo.com\/independiente\/wp-json\/wp\/v2\/tags?post=53438"}],"curies":[{"name":"wp","href":"https:\/\/api.w.org\/{rel}","templated":true}]}}