{"id":53537,"date":"2015-06-19T13:19:20","date_gmt":"2015-06-19T16:19:20","guid":{"rendered":"http:\/\/www.locoxelrojo.com\/independiente\/?p=53537"},"modified":"2015-06-19T13:19:20","modified_gmt":"2015-06-19T16:19:20","slug":"adrian-fernandez-a-su-pais-natal","status":"publish","type":"post","link":"https:\/\/www.locoxelrojo.com\/independiente\/2015\/06\/19\/adrian-fernandez-a-su-pais-natal\/","title":{"rendered":"Adri\u00e1n Fern\u00e1ndez, a su pa\u00eds natal"},"content":{"rendered":"<p>Adri\u00e1n Fern\u00e1ndez, quien estaba a pr\u00e9stamo en Quilmes,<strong> rescindi\u00f3 su contrato con el Cervecero y viaj\u00f3 a Paraguay para firmar a pr\u00e9stamo por un a\u00f1o con Libertad. El delantero a\u00fan es propiedad de Independiente.<\/strong><\/p>\n<p>En junio del 2014, tras el ascenso del Rojo, eligi\u00f3 un nuevo horizonte al pasar a Quilmes por 18 meses. <strong>Su paso ah\u00ed no fue bueno: 20 partidos jugados -7 titular- y solo 2 goles. Por eso, a 6 meses del t\u00e9rmino de su pr\u00e9stamo, rompi\u00f3 el v\u00ednculo con el Cervecero.<\/strong><\/p>\n<p>Tras desvincularse,<strong> arregl\u00f3 con Libertad de Paraguay, su pa\u00eds natal, un pr\u00e9stamo por un a\u00f1o sin cargo y con opci\u00f3n de compra.<\/strong> Cabe recordar que su contrato con Independiente<strong> finaliza en junio del 2017.<\/strong><\/p>\n","protected":false},"excerpt":{"rendered":"<p>Adri\u00e1n Fern\u00e1ndez, quien estaba a pr\u00e9stamo en Quilmes, rescindi\u00f3 su contrato con el Cervecero y viaj\u00f3 a Paraguay para firmar a pr\u00e9stamo por un a\u00f1o con Libertad. El delantero a\u00fan es propiedad de Independiente. En junio del 2014, tras el ascenso del Rojo, eligi\u00f3 un nuevo horizonte al pasar a Quilmes por 18 meses. Su [&hellip;]<\/p>\n","protected":false},"author":11,"featured_media":53538,"comment_status":"open","ping_status":"closed","sticky":false,"template":"","format":"standard","meta":{"_links_to":"","_links_to_target":""},"categories":[3,1],"tags":[1489,1575,666],"_links":{"self":[{"href":"https:\/\/www.locoxelrojo.com\/independiente\/wp-json\/wp\/v2\/posts\/53537"}],"collection":[{"href":"https:\/\/www.locoxelrojo.com\/independiente\/wp-json\/wp\/v2\/posts"}],"about":[{"href":"https:\/\/www.locoxelrojo.com\/independiente\/wp-json\/wp\/v2\/types\/post"}],"author":[{"embeddable":true,"href":"https:\/\/www.locoxelrojo.com\/independiente\/wp-json\/wp\/v2\/users\/11"}],"replies":[{"embeddable":true,"href":"https:\/\/www.locoxelrojo.com\/independiente\/wp-json\/wp\/v2\/comments?post=53537"}],"version-history":[{"count":0,"href":"https:\/\/www.locoxelrojo.com\/independiente\/wp-json\/wp\/v2\/posts\/53537\/revisions"}],"wp:featuredmedia":[{"embeddable":true,"href":"https:\/\/www.locoxelrojo.com\/independiente\/wp-json\/wp\/v2\/media\/53538"}],"wp:attachment":[{"href":"https:\/\/www.locoxelrojo.com\/independiente\/wp-json\/wp\/v2\/media?parent=53537"}],"wp:term":[{"taxonomy":"category","embeddable":true,"href":"https:\/\/www.locoxelrojo.com\/independiente\/wp-json\/wp\/v2\/categories?post=53537"},{"taxonomy":"post_tag","embeddable":true,"href":"https:\/\/www.locoxelrojo.com\/independiente\/wp-json\/wp\/v2\/tags?post=53537"}],"curies":[{"name":"wp","href":"https:\/\/api.w.org\/{rel}","templated":true}]}}