{"id":53648,"date":"2015-06-26T18:05:12","date_gmt":"2015-06-26T21:05:12","guid":{"rendered":"http:\/\/www.locoxelrojo.com\/independiente\/?p=53648"},"modified":"2015-08-22T02:30:47","modified_gmt":"2015-08-22T05:30:47","slug":"valencia-no-pienso-en-el-cambio-estoy-muy-contento-en-independiente","status":"publish","type":"post","link":"https:\/\/www.locoxelrojo.com\/independiente\/2015\/06\/26\/valencia-no-pienso-en-el-cambio-estoy-muy-contento-en-independiente\/","title":{"rendered":"Valencia: \u201cNo pienso en el cambio, estoy muy contento en Independiente\u201d"},"content":{"rendered":"<p>Ante los rumores sobre su salida, <strong>Jos\u00e9 Valencia<\/strong> aclar\u00f3 que est\u00e1 c\u00f3modo en Independiente y que quiere quedarse a pelear el puesto. Adem\u00e1s, compar\u00f3 la manera de trabajar de Jorge Almir\u00f3n y Mauricio Pellegrino.<\/p>\n<p><strong>\u201cMi presente est\u00e1 ac\u00e1. Estoy logrando algo que ac\u00e1 en Argentina no he podido lograr, que es aunque sea estar seis meses m\u00e1s o mucho m\u00e1s tiempo en un equipo. No estoy pensando en el cambio, estoy muy contento en Independiente y esperando la oportunidad para jugar\u201d<\/strong>, expres\u00f3 el colombiano en di\u00e1logo con el programa C\u00f3mo Te Va, por Radio G\u00fcemes.<\/p>\n<p>El ex Olimpo y Rosario Central sostuvo que <strong>\u201choy la palabra clave es confianza\u201d<\/strong> y que necesita<strong> \u201cjugar m\u00e1s minutos y sacar esas dudas de los primeros partidos\u201d<\/strong>. Y explic\u00f3: <strong>\u201cLo m\u00e1s importante es poder marcar para ganar confianza, soltarme m\u00e1s y volver a ser el de los equipos pasados. Uno vive de esto, es mi profesi\u00f3n y quiero que me vaya bien, para eso trabajo d\u00eda a d\u00eda\u201d<\/strong>.<\/p>\n<p>Por otro lado, Valencia afirm\u00f3 que puede adaptarse a la idea que trajo Pellegrino al Rojo: <strong>\u201cQuiere hacer un juego r\u00e1pido, explosivo, y por ese lado tengo condiciones para poderlo hacer, pero todo eso est\u00e1 en el d\u00eda y en hacer las cosas para ganarme un puesto\u201d<\/strong>. En tanto, se\u00f1al\u00f3 que la forma de trabajar del nuevo DT es parecida a la de su predecesor: <strong>\u201cHay alguna similitud, ya que el legado que dej\u00f3 Almir\u00f3n fue muy importante. Ahora el profe est\u00e1 sumando detalles importantes para que el equipo se haga m\u00e1s fuerte y m\u00e1s compacto\u201d<\/strong>.<\/p>\n<p>&nbsp;<\/p>\n","protected":false},"excerpt":{"rendered":"<p>Ante los rumores sobre su salida, Jos\u00e9 Valencia aclar\u00f3 que est\u00e1 c\u00f3modo en Independiente y que quiere quedarse a pelear el puesto. Adem\u00e1s, compar\u00f3 la manera de trabajar de Jorge Almir\u00f3n y Mauricio Pellegrino. \u201cMi presente est\u00e1 ac\u00e1. Estoy logrando algo que ac\u00e1 en Argentina no he podido lograr, que es aunque sea estar seis [&hellip;]<\/p>\n","protected":false},"author":8,"featured_media":53652,"comment_status":"open","ping_status":"closed","sticky":false,"template":"","format":"standard","meta":{"_links_to":"","_links_to_target":""},"categories":[3,1],"tags":[2887],"_links":{"self":[{"href":"https:\/\/www.locoxelrojo.com\/independiente\/wp-json\/wp\/v2\/posts\/53648"}],"collection":[{"href":"https:\/\/www.locoxelrojo.com\/independiente\/wp-json\/wp\/v2\/posts"}],"about":[{"href":"https:\/\/www.locoxelrojo.com\/independiente\/wp-json\/wp\/v2\/types\/post"}],"author":[{"embeddable":true,"href":"https:\/\/www.locoxelrojo.com\/independiente\/wp-json\/wp\/v2\/users\/8"}],"replies":[{"embeddable":true,"href":"https:\/\/www.locoxelrojo.com\/independiente\/wp-json\/wp\/v2\/comments?post=53648"}],"version-history":[{"count":0,"href":"https:\/\/www.locoxelrojo.com\/independiente\/wp-json\/wp\/v2\/posts\/53648\/revisions"}],"wp:featuredmedia":[{"embeddable":true,"href":"https:\/\/www.locoxelrojo.com\/independiente\/wp-json\/wp\/v2\/media\/53652"}],"wp:attachment":[{"href":"https:\/\/www.locoxelrojo.com\/independiente\/wp-json\/wp\/v2\/media?parent=53648"}],"wp:term":[{"taxonomy":"category","embeddable":true,"href":"https:\/\/www.locoxelrojo.com\/independiente\/wp-json\/wp\/v2\/categories?post=53648"},{"taxonomy":"post_tag","embeddable":true,"href":"https:\/\/www.locoxelrojo.com\/independiente\/wp-json\/wp\/v2\/tags?post=53648"}],"curies":[{"name":"wp","href":"https:\/\/api.w.org\/{rel}","templated":true}]}}