{"id":53656,"date":"2015-06-26T15:47:57","date_gmt":"2015-06-26T18:47:57","guid":{"rendered":"http:\/\/www.locoxelrojo.com\/independiente\/?p=53656"},"modified":"2015-06-29T23:50:10","modified_gmt":"2015-06-30T02:50:10","slug":"nakis-leo-rodriguez-no-va-a-pisar-mas-independiente","status":"publish","type":"post","link":"https:\/\/www.locoxelrojo.com\/independiente\/2015\/06\/26\/nakis-leo-rodriguez-no-va-a-pisar-mas-independiente\/","title":{"rendered":"Nakis: &#8220;Leo Rodr\u00edguez no va a pisar m\u00e1s Independiente&#8221;"},"content":{"rendered":"<p>La bronca por el no de Germ\u00e1n Denis todav\u00eda dura entre los dirigentes. Esta vez fue Noray Nakis quien dispar\u00f3 munici\u00f3n gruesa contra el representante del delantero: <strong>&#8220;Mientras yo viva y siga esta Comisi\u00f3n Directiva, Leonardo Rodr\u00edguez no va a pisar m\u00e1s Independiente&#8221;<\/strong>.<\/p>\n<p><strong>\u201cEn el primer momento que me comentaron lo del Tanque, me di cuenta que era una jugada del representante. Estuvo jugando con Independiente. Siempre nos hizo lo mismo&#8221;<\/strong>, arranc\u00f3 el Vicepresidente en di\u00e1logo con Campanas del Infierno. <strong>&#8220;Leo Rodr\u00edguez estuvo buscando ver de qu\u00e9 manera pod\u00eda volver a acercarse al club. Yo no estoy dolido con el tema de Denis, pero mientras yo viva y siga en esta Comisi\u00f3n Directiva, Leonardo Rodr\u00edguez no va a pisar m\u00e1s Independiente&#8221;<\/strong>, sentenci\u00f3.<\/p>\n<p>Luego, sembr\u00f3 algunas dudas y lanz\u00f3 declaraciones pol\u00e9micas para el t\u00e9cnico:<strong> &#8220;Nos da p\u00e1nico pensar que Mauricio Pellegrino viene de Estudiantes. Aunque estoy convencido de que no va a ser el mismo, ellos saben que llegaron a Independiente. Analizaron muy bien al equipo antes de venir&#8221;<\/strong>.<\/p>\n<p>Para finalizar, realiz\u00f3 una autocr\u00edtica de la gesti\u00f3n. <strong>&#8220;Nuestro presidente nos quiere planchar a m\u00e1s de uno por haber tra\u00eddo jugadores que no han rendido. Nos hemos equivocado y los t\u00e9cnicos se enojan si les tra\u00e9s jugadores que ellos no pidieron. Haber hecho tantas cosas bien en este \u00faltimo a\u00f1o y fallar en el f\u00fatbol es una verg\u00fcenza&#8221;<\/strong>, cerr\u00f3.<\/p>\n","protected":false},"excerpt":{"rendered":"<p>La bronca por el no de Germ\u00e1n Denis todav\u00eda dura entre los dirigentes. Esta vez fue Noray Nakis quien dispar\u00f3 munici\u00f3n gruesa contra el representante del delantero: &#8220;Mientras yo viva y siga esta Comisi\u00f3n Directiva, Leonardo Rodr\u00edguez no va a pisar m\u00e1s Independiente&#8221;. \u201cEn el primer momento que me comentaron lo del Tanque, me di [&hellip;]<\/p>\n","protected":false},"author":1,"featured_media":53657,"comment_status":"open","ping_status":"closed","sticky":false,"template":"","format":"standard","meta":{"_links_to":"","_links_to_target":""},"categories":[3,1],"tags":[397,2971,50],"_links":{"self":[{"href":"https:\/\/www.locoxelrojo.com\/independiente\/wp-json\/wp\/v2\/posts\/53656"}],"collection":[{"href":"https:\/\/www.locoxelrojo.com\/independiente\/wp-json\/wp\/v2\/posts"}],"about":[{"href":"https:\/\/www.locoxelrojo.com\/independiente\/wp-json\/wp\/v2\/types\/post"}],"author":[{"embeddable":true,"href":"https:\/\/www.locoxelrojo.com\/independiente\/wp-json\/wp\/v2\/users\/1"}],"replies":[{"embeddable":true,"href":"https:\/\/www.locoxelrojo.com\/independiente\/wp-json\/wp\/v2\/comments?post=53656"}],"version-history":[{"count":0,"href":"https:\/\/www.locoxelrojo.com\/independiente\/wp-json\/wp\/v2\/posts\/53656\/revisions"}],"wp:featuredmedia":[{"embeddable":true,"href":"https:\/\/www.locoxelrojo.com\/independiente\/wp-json\/wp\/v2\/media\/53657"}],"wp:attachment":[{"href":"https:\/\/www.locoxelrojo.com\/independiente\/wp-json\/wp\/v2\/media?parent=53656"}],"wp:term":[{"taxonomy":"category","embeddable":true,"href":"https:\/\/www.locoxelrojo.com\/independiente\/wp-json\/wp\/v2\/categories?post=53656"},{"taxonomy":"post_tag","embeddable":true,"href":"https:\/\/www.locoxelrojo.com\/independiente\/wp-json\/wp\/v2\/tags?post=53656"}],"curies":[{"name":"wp","href":"https:\/\/api.w.org\/{rel}","templated":true}]}}