{"id":5374,"date":"2011-03-01T16:57:40","date_gmt":"2011-03-01T19:57:40","guid":{"rendered":"http:\/\/www.locoxelrojo.com.ar\/independiente\/?p=5374"},"modified":"2015-09-09T20:36:59","modified_gmt":"2015-09-09T23:36:59","slug":"matias-defederico-%e2%80%9cnosotros-estamos-tranquilos-y-sabemos-que-esto-lo-vamos-a-sacar-adelante%e2%80%9d","status":"publish","type":"post","link":"https:\/\/www.locoxelrojo.com\/independiente\/2011\/03\/01\/matias-defederico-%e2%80%9cnosotros-estamos-tranquilos-y-sabemos-que-esto-lo-vamos-a-sacar-adelante%e2%80%9d\/","title":{"rendered":"Defederico: \u201cNosotros estamos tranquilos y sabemos que esto lo vamos a sacar adelante\u201d"},"content":{"rendered":"<p><a href=\"http:\/\/www.locoxelrojo.com.ar\/independiente\/wp-content\/uploads\/2011\/03\/defecai.jpg\"><img loading=\"lazy\" class=\"alignnone size-full wp-image-5375\" title=\"defecai\" src=\"http:\/\/www.locoxelrojo.com.ar\/independiente\/wp-content\/uploads\/2011\/03\/defecai.jpg\" alt=\"\" width=\"590\" height=\"315\" srcset=\"https:\/\/locoxelrojo.com\/independiente\/wp-content\/uploads\/2011\/03\/defecai.jpg 590w, https:\/\/locoxelrojo.com\/independiente\/wp-content\/uploads\/2011\/03\/defecai-300x160.jpg 300w\" sizes=\"(max-width: 590px) 100vw, 590px\" \/><\/a><\/p>\n<p>Mat\u00edas Defederico dialog\u00f3 en <strong>90 Minutos por Fox Sports<\/strong> sobre lo que dej\u00f3 la derrota con River y sobre el futuro de este Independiente que juega de una manera por Copa Libertadores y de otra forma en el Torneo Clausura.<\/p>\n<p><strong>\u201cHay que estar tranquilos. Tuvimos un buen arranque de Copa, pero fallamos con River el otro d\u00eda sobre el final. El partido era para un empate\u201d<\/strong>, dijo el enganche.<\/p>\n<p><strong>\u201cSi el domingo hubi\u00e9ramos ganado estar\u00edamos en los primeros puestos y todo lo que se habl\u00f3 no se hablar\u00eda\u201d<\/strong>, fueron las palabras del ex Hurac\u00e1n castigando a la prensa y agreg\u00f3: <strong>\u201cla prensa agranda m\u00e1s lo que sucede en Independiente\u201d<\/strong>.<\/p>\n<p><strong>\u201cNosotros estamos tranquilos y sabemos que esto lo vamos a sacar adelante\u201d<\/strong>, asegur\u00f3.<\/p>\n<p><em><strong>Mira el video completo de la nota:<\/strong><\/em><br \/>\n<strong>Video: FantasmaRojo.com.ar<\/strong><\/p>\n<p><object style=\"height: 315px; width: 590px;\" width=\"100\" height=\"100\" classid=\"clsid:d27cdb6e-ae6d-11cf-96b8-444553540000\" codebase=\"http:\/\/download.macromedia.com\/pub\/shockwave\/cabs\/flash\/swflash.cab#version=6,0,40,0\"><param name=\"allowFullScreen\" value=\"true\" \/><param name=\"allowScriptAccess\" value=\"always\" \/><param name=\"src\" value=\"http:\/\/www.youtube.com\/v\/yiHhp5c8ENg?version=3\" \/><param name=\"allowfullscreen\" value=\"true\" \/><embed style=\"height: 315px; width: 590px;\" type=\"application\/x-shockwave-flash\" width=\"100\" height=\"100\" src=\"http:\/\/www.youtube.com\/v\/yiHhp5c8ENg?version=3\" allowscriptaccess=\"always\" allowfullscreen=\"true\"><\/embed><\/object><\/p>\n","protected":false},"excerpt":{"rendered":"<p>Mat\u00edas Defederico dialog\u00f3 en 90 Minutos por Fox Sports sobre lo que dej\u00f3 la derrota con River y sobre el futuro de este Independiente que juega de una manera por Copa Libertadores y de otra forma en el Torneo Clausura. \u201cHay que estar tranquilos. Tuvimos un buen arranque de Copa, pero fallamos con River el [&hellip;]<\/p>\n","protected":false},"author":1,"featured_media":0,"comment_status":"open","ping_status":"open","sticky":false,"template":"","format":"standard","meta":{"_links_to":"","_links_to_target":""},"categories":[3,1],"tags":[153,379],"_links":{"self":[{"href":"https:\/\/www.locoxelrojo.com\/independiente\/wp-json\/wp\/v2\/posts\/5374"}],"collection":[{"href":"https:\/\/www.locoxelrojo.com\/independiente\/wp-json\/wp\/v2\/posts"}],"about":[{"href":"https:\/\/www.locoxelrojo.com\/independiente\/wp-json\/wp\/v2\/types\/post"}],"author":[{"embeddable":true,"href":"https:\/\/www.locoxelrojo.com\/independiente\/wp-json\/wp\/v2\/users\/1"}],"replies":[{"embeddable":true,"href":"https:\/\/www.locoxelrojo.com\/independiente\/wp-json\/wp\/v2\/comments?post=5374"}],"version-history":[{"count":0,"href":"https:\/\/www.locoxelrojo.com\/independiente\/wp-json\/wp\/v2\/posts\/5374\/revisions"}],"wp:attachment":[{"href":"https:\/\/www.locoxelrojo.com\/independiente\/wp-json\/wp\/v2\/media?parent=5374"}],"wp:term":[{"taxonomy":"category","embeddable":true,"href":"https:\/\/www.locoxelrojo.com\/independiente\/wp-json\/wp\/v2\/categories?post=5374"},{"taxonomy":"post_tag","embeddable":true,"href":"https:\/\/www.locoxelrojo.com\/independiente\/wp-json\/wp\/v2\/tags?post=5374"}],"curies":[{"name":"wp","href":"https:\/\/api.w.org\/{rel}","templated":true}]}}