{"id":53976,"date":"2015-07-13T10:00:13","date_gmt":"2015-07-13T13:00:13","guid":{"rendered":"http:\/\/www.locoxelrojo.com\/independiente\/?p=53976"},"modified":"2015-07-13T03:40:50","modified_gmt":"2015-07-13T06:40:50","slug":"mancuello-con-futuro-incierto","status":"publish","type":"post","link":"https:\/\/www.locoxelrojo.com\/independiente\/2015\/07\/13\/mancuello-con-futuro-incierto\/","title":{"rendered":"Mancuello, con futuro incierto"},"content":{"rendered":"<p>Durante el receso, <strong>Federico Mancuello fue el m\u00e1ximo candidato a irse de Independiente<\/strong> y todo parec\u00eda indicar que Mauricio Pellegrino no iba a poder contar con \u00e9l para el segundo semestre. Sin embargo, el torneo local se reanud\u00f3 y <strong>todav\u00eda no lleg\u00f3 ning\u00fan ofrecimiento concreto por el volante<\/strong>, que tiene deseos de cambiar de aire pero no sabe cu\u00e1l ser\u00e1 su futuro.<\/p>\n<p>Hace unas semanas se conoci\u00f3 el inter\u00e9s del <strong>Dnipro Dnipropetrovsk de Ucrania<\/strong>. El \u00faltimo subcampe\u00f3n de la UEFA Europa League fue el primero que<strong> tuvo la intenci\u00f3n de llevarse al capit\u00e1n<\/strong>, pero todo qued\u00f3 en la nada y <strong>la oferta jam\u00e1s lleg\u00f3 a Mitre 470<\/strong>.<\/p>\n<p>Luego apareci\u00f3 en el camino el <strong>Celta de Vigo<\/strong>. Mancuello se entusiasm\u00f3 con la chance y hasta habl\u00f3 con medios espa\u00f1oles manifestando sus ganas de emigrar, pero cuando m\u00e1s crec\u00eda su expectativa, <strong>desde Europa avisaron que su incorporaci\u00f3n estaba totalmente descartada<\/strong>. \u00bfEl motivo? Otro jugador los convenci\u00f3 m\u00e1s que el mediocampista del Rojo.<\/p>\n<p><strong>&#8220;El Celta no ha puesto ni un euro sobre la mesa de Independiente de Avellaneda. No ha habido ninguna oferta del Celta por Mancuello. No hay ninguna posibilidad de que venga. A d\u00eda de hoy, est\u00e1 descartado su fichaje porque no es central zurdo ni extremo derecho&#8221;<\/strong>, sentenci\u00f3 Miguel Torrecilla, director deportivo de la insitituci\u00f3n espa\u00f1ola, y explic\u00f3: <strong>&#8220;Mancuello compet\u00eda con Daniel Wass y elegimos al dan\u00e9s&#8221;<\/strong>.<\/p>\n<p>Con esta panorama, <strong>el futuro de la estrella de Independiente es m\u00e1s que incierto<\/strong>. Muchas veces se rumore\u00f3 que llegar\u00edan m\u00e1s ofertas de Europa, pero en Avellaneda no tuvieron noticias. Ya con el campeonato empezado, <strong>la \u00fanica certeza que tiene el capit\u00e1n es que debe presentarse a entrenar con el plantel el martes en Villa Dom\u00ednico<\/strong>.<\/p>\n","protected":false},"excerpt":{"rendered":"<p>Durante el receso, Federico Mancuello fue el m\u00e1ximo candidato a irse de Independiente y todo parec\u00eda indicar que Mauricio Pellegrino no iba a poder contar con \u00e9l para el segundo semestre. Sin embargo, el torneo local se reanud\u00f3 y todav\u00eda no lleg\u00f3 ning\u00fan ofrecimiento concreto por el volante, que tiene deseos de cambiar de aire [&hellip;]<\/p>\n","protected":false},"author":8,"featured_media":51840,"comment_status":"open","ping_status":"closed","sticky":false,"template":"","format":"standard","meta":{"_links_to":"","_links_to_target":""},"categories":[3,1],"tags":[48],"_links":{"self":[{"href":"https:\/\/www.locoxelrojo.com\/independiente\/wp-json\/wp\/v2\/posts\/53976"}],"collection":[{"href":"https:\/\/www.locoxelrojo.com\/independiente\/wp-json\/wp\/v2\/posts"}],"about":[{"href":"https:\/\/www.locoxelrojo.com\/independiente\/wp-json\/wp\/v2\/types\/post"}],"author":[{"embeddable":true,"href":"https:\/\/www.locoxelrojo.com\/independiente\/wp-json\/wp\/v2\/users\/8"}],"replies":[{"embeddable":true,"href":"https:\/\/www.locoxelrojo.com\/independiente\/wp-json\/wp\/v2\/comments?post=53976"}],"version-history":[{"count":0,"href":"https:\/\/www.locoxelrojo.com\/independiente\/wp-json\/wp\/v2\/posts\/53976\/revisions"}],"wp:featuredmedia":[{"embeddable":true,"href":"https:\/\/www.locoxelrojo.com\/independiente\/wp-json\/wp\/v2\/media\/51840"}],"wp:attachment":[{"href":"https:\/\/www.locoxelrojo.com\/independiente\/wp-json\/wp\/v2\/media?parent=53976"}],"wp:term":[{"taxonomy":"category","embeddable":true,"href":"https:\/\/www.locoxelrojo.com\/independiente\/wp-json\/wp\/v2\/categories?post=53976"},{"taxonomy":"post_tag","embeddable":true,"href":"https:\/\/www.locoxelrojo.com\/independiente\/wp-json\/wp\/v2\/tags?post=53976"}],"curies":[{"name":"wp","href":"https:\/\/api.w.org\/{rel}","templated":true}]}}